{"id":10033,"date":"2018-12-10T15:04:00","date_gmt":"2018-12-10T20:04:00","guid":{"rendered":"https:\/\/www.och-lco.ca\/lcofp18\/"},"modified":"2018-12-10T15:01:58","modified_gmt":"2018-12-10T20:01:58","slug":"lcofp18","status":"publish","type":"post","link":"https:\/\/www.och-lco.ca\/fr\/lcofp18\/","title":{"rendered":"Forum des partenaires de LCO &#8211; \u00e9dition 2018"},"content":{"rendered":"<h1><strong><em>Merci aux participants du Forum des partenaires de LCO &#8211; \u00e9dition 2018<\/em><\/strong><\/h1>\n<h2><strong>Conf\u00e9rencier et invit\u00e9 sp\u00e9cial<br \/>\n<\/strong><\/h2>\n<div class=\"mceTemp\"><\/div>\n<p>Mark Black, <a href=\"http:\/\/markblack.ca\/about\/\">Biographie (anglais seulement)<\/a><\/p>\n<h2>Tables de Synergies:<\/h2>\n<h2><strong><u>Promotion de la sant\u00e9 mentale \u00e0 Ottawa<\/u><\/strong><\/h2>\n<h6><strong>Carole Legault, agente de projet, \u00c9quipe de sant\u00e9 mentale, Sant\u00e9 publique Ottawa <\/strong><\/h6>\n<p>Cette table de synergie donnera aux participants un aper\u00e7u des principaux r\u00e9sultats du Rapport 2018 sur l\u2019\u00c9tat de la sant\u00e9 mentale \u00e0 Ottawa de Sant\u00e9 publique Ottawa. Il s\u2019agit du premier rapport de surveillance sur l\u2019\u00e9tat de la sant\u00e9 mentale de la population d\u2019Ottawa. Il sera question des principales conclusions du rapport, de l\u2019importance des donn\u00e9es recueillies pour la collectivit\u00e9, de l\u2019identification des lacunes dans les donn\u00e9es du rapport et de l\u2019identification de possibilit\u00e9s en vue de promouvoir davantage la sant\u00e9 mentale \u00e0 Ottawa. Les participants seront invit\u00e9s \u00e0 discuter et \u00e0 faire part de leurs id\u00e9es et suggestions en vue d\u2019aider \u00e0 la planification de la surveillance future de la sant\u00e9 mentale et au soutien de la planification des programmes en mati\u00e8re de sant\u00e9 mentale.<\/p>\n<h2><strong><u>Apprendre \u00e0 s\u2019aider soi-m\u00eame<\/u><\/strong><\/h2>\n<h6><strong>Lorna Lemay, directrice, M\u00e9diation communautaire Ottawa, et William Mahoney, b\u00e9n\u00e9vole, M\u00e9diation communautaire Ottawa<u><br \/>\n<\/u><\/strong><\/h6>\n<p>Venez apprendre comment r\u00e9duire l\u2019isolement social, renforcer la coh\u00e9sion sociale et r\u00e9duire les pressions sur les ressources comme la police, les services d\u2019application des r\u00e8glements municipaux et d\u2019autres organismes de s\u00e9curit\u00e9. En participant \u00e0 cette table de synergie, vous d\u00e9couvrirez un nouveau programme de formation innovateur permet d\u2019outiller les diverses communaut\u00e9s de logements sociaux marginalis\u00e9es d\u2019Ottawa. Le projet vise \u00e0 travailler avec les locataires et le personnel, \u00e0 renforcer la r\u00e9solution de conflits intercommunautaire et \u00e0 transformer les conflits en un dialogue menant \u00e0 la paix et \u00e0 soutenir un changement de culture ax\u00e9 sur le bien-\u00eatre communautaire.<\/p>\n<h2><strong><u>La m\u00e9thode SafeGrowth : Christine Scott, coordonnatrice de l\u2019accueil des communaut\u00e9s<\/u><\/strong><\/h2>\n<h6><strong>Service de police d\u2019Ottawa<u><br \/>\n<\/u><\/strong><\/h6>\n<p>La m\u00e9thode Safegrowth a \u00e9t\u00e9 \u00e9labor\u00e9e par Gregory Saville en 2007 en vue d\u2019int\u00e9grer les comp\u00e9tences et tactiques telles que l\u2019application des principes \u00e9prouv\u00e9s de pr\u00e9vention du crime par l\u2019am\u00e9nagement du milieu au sein de la collectivit\u00e9, en travaillant directement avec les associations de quartier et d\u2019autres agents de changement. Le Service de police d\u2019Ottawa a demand\u00e9 et obtenu une subvention <strong>issue du partage des produits de la criminalit\u00e9 pour la surveillance polici\u00e8re de premi\u00e8re ligne<\/strong> du minist\u00e8re de la S\u00e9curit\u00e9 communautaire et des Services correctionnels en vue de faire venir Gregory Saville \u00e0 Ottawa pour que ce dernier enseigne sa m\u00e9thode aux r\u00e9sidents de la Basse-Ville en 2018 et \u00e0 des partenaires de la communaut\u00e9 de Carlington en 2019. Venez d\u00e9couvrir comment ce programme qui repose sur les gens a \u00e9t\u00e9 mis en \u0153uvre dans la Basse-Ville, et \u00e9changer avec d\u2019autres personnes qui sont int\u00e9ress\u00e9es \u00e0 en apprendre davantage sur l\u2019histoire et la philosophie \u00e0 l\u2019origine de l\u2019approche SafeGrowth.<\/p>\n<h2><u><strong>P.I.V.O.T. <\/strong><\/u>\u00a0<strong><u>\u2013 Une approche concert\u00e9e de pr\u00e9vention de la violence et d\u2019intervention en cas de violence<\/u><\/strong><\/h2>\n<h6><strong>Service de police d\u2019Ottawa<\/strong><\/h6>\n<p>Le plan d\u2019intervention sur les armes \u00e0 feu et les bandes de rue du Service de police d\u2019Ottawa Ottawa, propose une approche concert\u00e9e pour contrer les probl\u00e8mes de violence li\u00e9s aux armes \u00e0 feu et aux bandes de rue qui s\u00e9vissent dans Ottawa. Pour cette s\u00e9ance, nous allons nous concentrer sur la coh\u00e9sion de quartier et la pr\u00e9vention, deux piliers de la Strat\u00e9gie relative aux bandes de rue et \u00e0 la violence dans les rues de la Ville d\u2019Ottawa et de Pr\u00e9vention du crime Ottawa.<\/p>\n<p>Des mesures polici\u00e8res proactives int\u00e9gr\u00e9es en vue de r\u00e9duire et (ou) d\u2019\u00e9liminer ce genre d\u2019activit\u00e9 dans les quartiers de la ville repr\u00e9sentent un besoin \u00e9mergent. Venez d\u00e9couvrir comment nous controns l\u2019activit\u00e9 des bandes de rue par la mobilisation communautaire et comment nous donnons aux r\u00e9sidents de vrais outils qui les aident \u00e0 reprendre le contr\u00f4le de leurs quartiers et emp\u00eacher ces bandes de rues de s\u2019y \u00e9tablir. \u00c9duquer les jeunes gens sur les r\u00e9alit\u00e9s des bandes de rues peut les aider \u00e0 quitter cet univers s\u2019ils d\u00e9cident de d\u00e9laisser les bandes.<\/p>\n<p>Ensemble, nous pouvons mieux r\u00e9agir \u00e0 cette violence \u00ab mineure \u00bb qui nourrit la peur et perp\u00e9tue le cycle de formes plus graves de violence, et faire en sorte que les r\u00e9sidents de nos communaut\u00e9s se sentent respect\u00e9s et se mobilisent pour faire changer les choses.<\/p>\n","protected":false},"excerpt":{"rendered":"<p>Merci aux participants du Forum des partenaires de LCO &#8211; \u00e9dition 2018 Conf\u00e9rencier et invit\u00e9 sp\u00e9cial Mark Black, Biographie (anglais seulement) Tables de Synergies: Promotion de la sant\u00e9 mentale \u00e0 Ottawa Carole Legault, agente de projet, \u00c9quipe de sant\u00e9 mentale, Sant\u00e9 publique Ottawa Cette table de synergie donnera aux participants un aper\u00e7u des principaux r\u00e9sultats&#8230;<\/p>\n","protected":false},"author":2,"featured_media":2497,"comment_status":"closed","ping_status":"closed","sticky":false,"template":"","format":"standard","meta":{"_acf_changed":false,"footnotes":""},"categories":[773,11],"tags":[],"class_list":["post-10033","post","type-post","status-publish","format-standard","has-post-thumbnail","hentry","category-forum-partenaires","category-tenant-newsletter"],"acf":[],"_links":{"self":[{"href":"https:\/\/www.och-lco.ca\/fr\/wp-json\/wp\/v2\/posts\/10033","targetHints":{"allow":["GET"]}}],"collection":[{"href":"https:\/\/www.och-lco.ca\/fr\/wp-json\/wp\/v2\/posts"}],"about":[{"href":"https:\/\/www.och-lco.ca\/fr\/wp-json\/wp\/v2\/types\/post"}],"author":[{"embeddable":true,"href":"https:\/\/www.och-lco.ca\/fr\/wp-json\/wp\/v2\/users\/2"}],"replies":[{"embeddable":true,"href":"https:\/\/www.och-lco.ca\/fr\/wp-json\/wp\/v2\/comments?post=10033"}],"version-history":[{"count":0,"href":"https:\/\/www.och-lco.ca\/fr\/wp-json\/wp\/v2\/posts\/10033\/revisions"}],"wp:featuredmedia":[{"embeddable":true,"href":"https:\/\/www.och-lco.ca\/fr\/wp-json\/wp\/v2\/media\/2497"}],"wp:attachment":[{"href":"https:\/\/www.och-lco.ca\/fr\/wp-json\/wp\/v2\/media?parent=10033"}],"wp:term":[{"taxonomy":"category","embeddable":true,"href":"https:\/\/www.och-lco.ca\/fr\/wp-json\/wp\/v2\/categories?post=10033"},{"taxonomy":"post_tag","embeddable":true,"href":"https:\/\/www.och-lco.ca\/fr\/wp-json\/wp\/v2\/tags?post=10033"}],"curies":[{"name":"wp","href":"https:\/\/api.w.org\/{rel}","templated":true}]}}