{"id":10086,"date":"2019-05-25T17:00:21","date_gmt":"2019-05-25T21:00:21","guid":{"rendered":"https:\/\/www.och-lco.ca\/communique-de-presse-le-40e-anniversaire-de-la-communaute-beausejour-souligne-en-grande\/"},"modified":"2019-05-25T17:00:06","modified_gmt":"2019-05-25T21:00:06","slug":"communique-de-presse-le-40e-anniversaire-de-la-communaute-beausejour-souligne-en-grande","status":"publish","type":"post","link":"https:\/\/www.och-lco.ca\/fr\/communique-de-presse-le-40e-anniversaire-de-la-communaute-beausejour-souligne-en-grande\/","title":{"rendered":"COMMUNIQU\u00c9 DE PRESSE: Le 40e anniversaire de la communaut\u00e9 Beaus\u00e9jour soulign\u00e9 en grande"},"content":{"rendered":"<p>Le 25 mai 2019 \u2013 Les locataires et les partenaires communautaires se sont r\u00e9unis pour c\u00e9l\u00e9brer le 40e anniversaire de la pr\u00e9sence de la communaut\u00e9 Beaus\u00e9jour dans le quartier de la Basse-Ville. Lors de cette c\u00e9l\u00e9bration, LCO a pr\u00e9sent\u00e9 des certificats aux locataires qui y ont habit\u00e9 depuis son ouverture.<\/p>\n<p>En 1978, Lorry Greenberg, qui \u00e9tait maire \u00e0 l\u2019\u00e9poque, avait inaugur\u00e9 les travaux de construction des maisons en rang\u00e9e de cette communaut\u00e9 qui compte aujourd\u2019hui 144\u00a0logements. Une fois les premi\u00e8res maisons pr\u00eates, les familles qui avaient d\u00fb \u00eatre relocalis\u00e9es pendant le projet de revitalisation urbaine se sont vu accorder la priorit\u00e9 pour revenir dans le quartier.<\/p>\n<p>La Soci\u00e9t\u00e9 de logement Communautaire d\u2019Ottawa, le plus important fournisseur de logement abordable de la ville, a pris la direction de la communaut\u00e9 \u00e0 la suite de la fusion avec dix municipalit\u00e9s avoisinantes de la Ville d\u2019Ottawa.<\/p>\n<p>La communaut\u00e9 de Beaus\u00e9jour compte aujourd\u2019hui une association communautaire dynamique qui est fi\u00e8re d\u2019avoir dans ses rangs une b\u00e9n\u00e9vole qui s\u2019est vu remettre la M\u00e9daille du souverain pour les b\u00e9n\u00e9voles.<\/p>\n<h5><strong>Citations <\/strong><\/h5>\n<blockquote><p>Je suis heureuse de pouvoir c\u00e9l\u00e9brer le 40e anniversaire de la communaut\u00e9 de Beaus\u00e9jour avec Logement Communautaire d\u2019Ottawa. \u00a0Continuons de travailler ensemble pour permettre \u00e0 tout le monde d\u2019avoir acc\u00e8s \u00e0 un chez-soi s\u00e9curitaire, abordable et confortable<\/p><\/blockquote>\n<p>&#8211; Nathalie Des Rosiers, d\u00e9put\u00e9e provinciale<\/p>\n<blockquote><p>Nous sommes fiers de souligner le 40ieme anniversaire de cette formidable communaut\u00e9 de LCO qui compte des locataires tr\u00e8s engag\u00e9s et d\u00e9vou\u00e9s dans la cr\u00e9ation d\u2019une communaut\u00e9 solide et saine.<\/p><\/blockquote>\n<p>&#8211; St\u00e9phane Gigu\u00e8re, PDG de LCO<\/p>\n<blockquote><p>La communaut\u00e9 Beaus\u00e9jour est un milieu de vie agr\u00e9able et diversifi\u00e9 qui occupe une tr\u00e8s grande place dans l\u2019histoire de la Basse-Ville d\u2019Ottawa. Je suis heureux de pouvoir souligner cet anniversaire important en compagnie des locataires.<\/p><\/blockquote>\n<p>&#8211; Mathieu Fleury, pr\u00e9sident de LCO et conseiller du quartier Rideau-Vanier<\/p>\n<h5>Faits saillants &#8211; la communaut\u00e9 Beaus\u00e9jour<\/h5>\n<ul>\n<li>144 logements, une combinaison de maisons en rang\u00e9e et d\u2019appartements, construits en 1979<\/li>\n<li>La communaut\u00e9 Beaus\u00e9jour compte environ 426 locataires et les enfants et les jeunes repr\u00e9sentent 29 % de ce nombre<\/li>\n<li>La communaut\u00e9 compte une association de locataires tr\u00e8s dynamique<\/li>\n<li>Organismes communautaires partenaires\u00a0:\n<ul>\n<li>Maison communautaire du bon voisinage de la Basse-Ville<\/li>\n<li>Basse-Ville, Notre chez-nous<\/li>\n<li>Options Bytown<\/li>\n<\/ul>\n<\/li>\n<\/ul>\n<p><strong>\u00c0 propos de LCO <\/strong><\/p>\n<p>La Soci\u00e9t\u00e9 de logement communautaire d\u2019Ottawa (LCO) fournit environ 15\u00a0000 logements \u00e0 plus de 32\u00a0000 locataires, y compris des a\u00een\u00e9s, des parents, des enfants, des couples, des c\u00e9libataires et des personnes ayant des besoins sp\u00e9ciaux dans un grand nombre de communaut\u00e9s de la ville d\u2019Ottawa. LCO veille au logement d\u2019une population diversifi\u00e9e sur les plans linguistiques, ethniques et culturels. LCO est le plus important fournisseur de logements sociaux \u00e0 prix abordable \u00e0 Ottawa, ville dont elle g\u00e8re les deux tiers du parc de logements sociaux, et est le deuxi\u00e8me plus important fournisseur dans tout l\u2019Ontario. LCO a \u00e9t\u00e9 choisi comme un des meilleurs employeurs de la r\u00e9gion de la capitale nationale pour la deuxi\u00e8me ann\u00e9e de suite en 2019.<\/p>\n<p><a href=\"http:\/\/och.us9.list-manage.com\/track\/click?u=7325356958ab277687ca830cc&amp;id=225f862de6&amp;e=0860458a1b\">www.och-lco.ca<\/a> | <a href=\"https:\/\/twitter.com\/OCH_LCO\">Twitter\u00a0<\/a>| <a href=\"https:\/\/www.linkedin.com\/company\/ottawa-community-housing-corporation-och-?trk=top_nav_home\">LinkedIN<\/a> | <a href=\"https:\/\/www.facebook.com\/ottawacommunityhousing\/\">Facebook<\/a><\/p>\n<p><strong>Pour plus de renseignements, pri\u00e8re de contacter\u00a0: <\/strong><\/p>\n<p>Jennifer McIntosh \u2013 Sp\u00e9cialiste des Communications et du Marketing \u2013 LCO \u2013<\/p>\n<p>Cell: 613 914-9953<\/p>\n<p><a href=\"mailto:jennifer.mcintosh@och.ca\">jennifer.mcintosh@och.ca<\/a> | <a href=\"https:\/\/twitter.com\/OCH_LCO\">Twitter\u00a0<\/a>| <a href=\"https:\/\/www.linkedin.com\/company\/ottawa-community-housing-corporation-och-?trk=top_nav_home\">Linkedin<\/a> | <a href=\"https:\/\/www.facebook.com\/ottawacommunityhousing\/\">Facebook<\/a><\/p>\n<p>&nbsp;<\/p>\n<p>&nbsp;<\/p>\n","protected":false},"excerpt":{"rendered":"<p>Le 25 mai 2019 \u2013 Les locataires et les partenaires communautaires se sont r\u00e9unis pour c\u00e9l\u00e9brer le 40e anniversaire de la pr\u00e9sence de la communaut\u00e9 Beaus\u00e9jour dans le quartier de la Basse-Ville. Lors de cette c\u00e9l\u00e9bration, LCO a pr\u00e9sent\u00e9 des certificats aux locataires qui y ont habit\u00e9 depuis son ouverture. En 1978, Lorry Greenberg, qui&#8230;<\/p>\n","protected":false},"author":2,"featured_media":0,"comment_status":"closed","ping_status":"open","sticky":false,"template":"","format":"standard","meta":{"_acf_changed":false,"footnotes":""},"categories":[939,937,709],"tags":[],"class_list":["post-10086","post","type-post","status-publish","format-standard","hentry","category-communique-de-presse","category-media-salle-des-nouvelles","category-uncategorized"],"acf":[],"_links":{"self":[{"href":"https:\/\/www.och-lco.ca\/fr\/wp-json\/wp\/v2\/posts\/10086","targetHints":{"allow":["GET"]}}],"collection":[{"href":"https:\/\/www.och-lco.ca\/fr\/wp-json\/wp\/v2\/posts"}],"about":[{"href":"https:\/\/www.och-lco.ca\/fr\/wp-json\/wp\/v2\/types\/post"}],"author":[{"embeddable":true,"href":"https:\/\/www.och-lco.ca\/fr\/wp-json\/wp\/v2\/users\/2"}],"replies":[{"embeddable":true,"href":"https:\/\/www.och-lco.ca\/fr\/wp-json\/wp\/v2\/comments?post=10086"}],"version-history":[{"count":0,"href":"https:\/\/www.och-lco.ca\/fr\/wp-json\/wp\/v2\/posts\/10086\/revisions"}],"wp:attachment":[{"href":"https:\/\/www.och-lco.ca\/fr\/wp-json\/wp\/v2\/media?parent=10086"}],"wp:term":[{"taxonomy":"category","embeddable":true,"href":"https:\/\/www.och-lco.ca\/fr\/wp-json\/wp\/v2\/categories?post=10086"},{"taxonomy":"post_tag","embeddable":true,"href":"https:\/\/www.och-lco.ca\/fr\/wp-json\/wp\/v2\/tags?post=10086"}],"curies":[{"name":"wp","href":"https:\/\/api.w.org\/{rel}","templated":true}]}}