{"id":10306,"date":"2021-08-11T15:36:09","date_gmt":"2021-08-11T19:36:09","guid":{"rendered":"https:\/\/www.och-lco.ca\/avis-aux-medias-invitation-de-la-societe-de-logement-communautaire-dottawa-au-devoilement-de-la-plus-grande-murale-de-la-ville\/"},"modified":"2021-08-11T15:55:09","modified_gmt":"2021-08-11T19:55:09","slug":"avis-aux-medias-invitation-de-la-societe-de-logement-communautaire-dottawa-au-devoilement-de-la-plus-grande-murale-de-la-ville","status":"publish","type":"post","link":"https:\/\/www.och-lco.ca\/fr\/avis-aux-medias-invitation-de-la-societe-de-logement-communautaire-dottawa-au-devoilement-de-la-plus-grande-murale-de-la-ville\/","title":{"rendered":"Avis aux m\u00e9dias : Invitation de la Soci\u00e9t\u00e9 de logement communautaire d\u2019Ottawa au d\u00e9voilement de la plus grande murale de la ville"},"content":{"rendered":"<p>[cmsms_row][cmsms_column data_width=\u00a0\u00bb1\/1&Prime;][cmsms_text]<\/p>\n<p><strong>(OTTAWA, ON) le 11 <span class=\"TextRun BCX0 SCXW8564679\" lang=\"FR-CA\" xml_lang=\"FR-CA\" data-contrast=\"auto\"><span class=\"NormalTextRun BCX0 SCXW8564679\">ao\u00fbt 2021<\/span><\/span> <\/strong>\u2013 <span data-contrast=\"auto\">Joignez-vous \u00e0 nous demain le 12 ao\u00fbt pour assister au d\u00e9voilement de la plus grande murale de la ville d\u2019Ottawa &#8211; la murale Sagesse &#8211; au 1365, rue Bank, et d\u00e9couvrir la signification de ses \u00e9l\u00e9ments et la d\u00e9marche rattach\u00e9e \u00e0 sa r\u00e9alisation de concert avec des a\u00een\u00e9s originaires du monde entier. <\/span><span data-ccp-props=\"{&quot;201341983&quot;:0,&quot;335559739&quot;:0,&quot;335559740&quot;:240}\">\u00a0<\/span><\/p>\n<p><span data-contrast=\"auto\">Venez entendre ce qu\u2019en disent les a\u00een\u00e9s, ainsi que l\u2019artiste, Claudia\u00a0Salguero, le d\u00e9put\u00e9 lib\u00e9ral provincial d\u2019Ottawa-Sud John Fraser, le pr\u00e9sident-directeur g\u00e9n\u00e9ral de la Soci\u00e9t\u00e9 de logement communautaire, St\u00e9phane Gigu\u00e8re, le pr\u00e9sident du Conseil d\u2019administration de LCO,\u00a0<\/span><span data-ccp-props=\"{&quot;201341983&quot;:0,&quot;335559739&quot;:0,&quot;335559740&quot;:240}\">\u00a0<\/span><span data-contrast=\"auto\">Mathieu\u00a0Fleury, et le conseiller du quartier Alta Vista, Jean Cloutier.\u00a0\u00a0<\/span><span data-ccp-props=\"{&quot;201341983&quot;:0,&quot;335559739&quot;:0,&quot;335559740&quot;:240}\">\u00a0<\/span><\/p>\n<p><b><span data-contrast=\"auto\">Programme\u00a0 \u00a0<\/span><\/b><span data-ccp-props=\"{&quot;201341983&quot;:0,&quot;335559739&quot;:0,&quot;335559740&quot;:240}\"><br \/>\n<\/span><b><span data-contrast=\"auto\">14 h : Mot de bienvenue, reconnaissance territoriale et messages des dignitaires\u00a0<\/span><\/b><span data-ccp-props=\"{&quot;201341983&quot;:0,&quot;335559739&quot;:0,&quot;335559740&quot;:240}\"><br \/>\n<\/span><b><span data-contrast=\"auto\">14 h 30 : Questions de l\u2019auditoire\/des m\u00e9dias\u00a0<\/span><\/b><span data-ccp-props=\"{&quot;201341983&quot;:0,&quot;335559739&quot;:0,&quot;335559740&quot;:240}\"><br \/>\n<\/span><b><span data-contrast=\"auto\">14 h 45 : S\u00e9ance de photos\u00a0<\/span><\/b><span data-ccp-props=\"{&quot;201341983&quot;:0,&quot;335559739&quot;:0,&quot;335559740&quot;:240}\"><br \/>\n<\/span><b><span data-contrast=\"auto\">15 h : Fin de l\u2019\u00e9v\u00e9nement\u00a0<\/span><\/b><span data-contrast=\"auto\">\u00a0\u00a0\u00a0\u00a0\u00a0<\/span><span data-ccp-props=\"{&quot;201341983&quot;:0,&quot;335559739&quot;:0,&quot;335559740&quot;:240}\">\u00a0<\/span><\/p>\n<p><b><span data-contrast=\"auto\">Contact pour les m\u00e9dias :\u00a0\u00a0<\/span><\/b><span data-ccp-props=\"{&quot;201341983&quot;:0,&quot;335559739&quot;:0,&quot;335559740&quot;:240}\"><br \/>\n<\/span><b><span data-contrast=\"auto\">Jennifer McIntosh\u00a0<\/span><\/b><br \/>\n<b><span data-contrast=\"auto\">Communications<\/span><\/b><span data-ccp-props=\"{&quot;201341983&quot;:0,&quot;335559739&quot;:0,&quot;335559740&quot;:240}\"><br \/>\n<\/span><a href=\"mailto:media@och.ca\"><span data-contrast=\"none\">media@och.ca<\/span><\/a><span data-ccp-props=\"{&quot;201341983&quot;:0,&quot;335559739&quot;:0,&quot;335559740&quot;:240}\"><br \/>\n<\/span><b><span data-contrast=\"none\">343-997-5000<\/span><\/b><\/p>\n<p>[\/cmsms_text][\/cmsms_column][\/cmsms_row]<\/p>\n","protected":false},"excerpt":{"rendered":"<p>[cmsms_row][cmsms_column data_width=\u00a0\u00bb1\/1&Prime;][cmsms_text] (OTTAWA, ON) le 11 ao\u00fbt 2021 \u2013 Joignez-vous \u00e0 nous demain le 12 ao\u00fbt pour assister au d\u00e9voilement de la plus grande murale de la ville d\u2019Ottawa &#8211; la murale Sagesse &#8211; au 1365, rue Bank, et d\u00e9couvrir la signification de ses \u00e9l\u00e9ments et la d\u00e9marche rattach\u00e9e \u00e0 sa r\u00e9alisation de concert avec&#8230;<\/p>\n","protected":false},"author":2,"featured_media":0,"comment_status":"closed","ping_status":"closed","sticky":false,"template":"","format":"standard","meta":{"_acf_changed":false,"footnotes":""},"categories":[760],"tags":[],"class_list":["post-10306","post","type-post","status-publish","format-standard","hentry","category-derniere-nouvelles"],"acf":[],"_links":{"self":[{"href":"https:\/\/www.och-lco.ca\/fr\/wp-json\/wp\/v2\/posts\/10306","targetHints":{"allow":["GET"]}}],"collection":[{"href":"https:\/\/www.och-lco.ca\/fr\/wp-json\/wp\/v2\/posts"}],"about":[{"href":"https:\/\/www.och-lco.ca\/fr\/wp-json\/wp\/v2\/types\/post"}],"author":[{"embeddable":true,"href":"https:\/\/www.och-lco.ca\/fr\/wp-json\/wp\/v2\/users\/2"}],"replies":[{"embeddable":true,"href":"https:\/\/www.och-lco.ca\/fr\/wp-json\/wp\/v2\/comments?post=10306"}],"version-history":[{"count":0,"href":"https:\/\/www.och-lco.ca\/fr\/wp-json\/wp\/v2\/posts\/10306\/revisions"}],"wp:attachment":[{"href":"https:\/\/www.och-lco.ca\/fr\/wp-json\/wp\/v2\/media?parent=10306"}],"wp:term":[{"taxonomy":"category","embeddable":true,"href":"https:\/\/www.och-lco.ca\/fr\/wp-json\/wp\/v2\/categories?post=10306"},{"taxonomy":"post_tag","embeddable":true,"href":"https:\/\/www.och-lco.ca\/fr\/wp-json\/wp\/v2\/tags?post=10306"}],"curies":[{"name":"wp","href":"https:\/\/api.w.org\/{rel}","templated":true}]}}