{"id":10369,"date":"2022-04-12T16:34:00","date_gmt":"2022-04-12T20:34:00","guid":{"rendered":"https:\/\/www.och-lco.ca\/babillard-communautaire-lco-celebre-ses-20-ans\/"},"modified":"2023-05-15T11:01:37","modified_gmt":"2023-05-15T15:01:37","slug":"babillard-communautaire-lco-celebre-ses-20-ans","status":"publish","type":"post","link":"https:\/\/www.och-lco.ca\/fr\/babillard-communautaire-lco-celebre-ses-20-ans\/","title":{"rendered":"babillard communautaire : LCO c\u00e9l\u00e8bre ses 20 ans!"},"content":{"rendered":"<h2><b>LCO c\u00e9l\u00e8bre ses 20 ans!  <\/b><\/h2>\n<p style=\"padding-bottom: 0px\">Cette ann\u00e9e, nous c\u00e9l\u00e9brons notre 20e anniversaire. LCO a vu le jour en 2002 et est aujourd\u2019hui le plus important fournisseur de logements abordables \u00e0 Ottawa. Nous avons tellement de raisons de c\u00e9l\u00e9brer cet \u00e9v\u00e9nement, et vous aussi!&nbsp;&nbsp;<\/p>\n<p style=\"padding-bottom: 0px\"><font face=\"Tahoma, Tahoma_EmbeddedFont, Tahoma_MSFontService, sans-serif\"><br \/><\/font><\/p>\n<p style=\"padding-bottom: 0px\">Nous avons la chance de compter plusieurs locataires engag\u00e9s qui b\u00e2tissent de meilleures communaut\u00e9s par leur travail b\u00e9n\u00e9vole. C\u2019est votre cas quand vous participez b\u00e9n\u00e9volement au Cercle des locataires, aux r\u00e9unions de La Voix des locataires, aux corv\u00e9es annuelles de nettoyage printanier, aux programmes d\u2019aide alimentaire, et chaque fois que vous redonnez autrement \u00e0 la collectivit\u00e9.&nbsp;<\/p>\n<p style=\"padding-bottom: 0px\"><font face=\"Tahoma, Tahoma_EmbeddedFont, Tahoma_MSFontService, sans-serif\"><br \/><\/font><\/p>\n<p style=\"padding-bottom: 0px\"><font face=\"Tahoma, Tahoma_EmbeddedFont, Tahoma_MSFontService, sans-serif\">Cet anniversaire nous donne l\u2019occasion de diriger les projecteurs sur nos nombreuses et merveilleuses communaut\u00e9s diversifi\u00e9es.&nbsp;&nbsp;<\/font><\/p>\n<p style=\"padding-bottom: 0px\"><font face=\"Tahoma, Tahoma_EmbeddedFont, Tahoma_MSFontService, sans-serif\"><br \/><\/font><\/p>\n<p style=\"padding-bottom: 0px\"><font face=\"Tahoma, Tahoma_EmbeddedFont, Tahoma_MSFontService, sans-serif\">En cette ann\u00e9e de c\u00e9l\u00e9brations, nous aimerions beaucoup vous entendre. Y a-t-il une histoire qui illustre combien votre communaut\u00e9 sort de l\u2019ordinaire? Racontez-la-nous! Envoyez-nous ce t\u00e9moignage par courriel \u00e0 l\u2019adresse anniversary@och.ca et il se pourrait au cours de l\u2019ann\u00e9e que nous l\u2019affichions sur notre site Web et nos pages dans les r\u00e9seaux sociaux.&nbsp;&nbsp;<\/font><\/p>\n<p style=\"padding-bottom: 0px\"><font face=\"Tahoma, Tahoma_EmbeddedFont, Tahoma_MSFontService, sans-serif\"><br \/><\/font><\/p>\n<p style=\"padding-bottom: 0px\"><font face=\"Tahoma, Tahoma_EmbeddedFont, Tahoma_MSFontService, sans-serif\">Merci de faire partie de LCO depuis 20 ans. Nous sommes impatients de conna\u00eetre ce que l\u2019avenir nous r\u00e9servera au cours des 20 prochaines ann\u00e9es.&nbsp;&nbsp;<\/font><\/p>\n<p>\t\t\t\t\t\t\t\t\t\t\t\t\t\t\t<img decoding=\"async\" width=\"1024\" height=\"576\" src=\"https:\/\/www.och-lco.ca\/wp-content\/uploads\/2022\/12\/ANNIVERSARY-SM-RELEASE.png\" alt=\"ANNIVERSARY-SM RELEASE\" loading=\"lazy\" \/><\/p>\n","protected":false},"excerpt":{"rendered":"<p>LCO c\u00e9l\u00e8bre ses 20 ans! Cette ann\u00e9e, nous c\u00e9l\u00e9brons notre 20e anniversaire. LCO a vu le jour en 2002 et est aujourd\u2019hui le plus important fournisseur de logements abordables \u00e0 Ottawa. Nous avons tellement de raisons de c\u00e9l\u00e9brer cet \u00e9v\u00e9nement, et vous aussi!&nbsp;&nbsp; Nous avons la chance de compter plusieurs locataires engag\u00e9s qui b\u00e2tissent de&#8230;<\/p>\n","protected":false},"author":2,"featured_media":4744,"comment_status":"closed","ping_status":"closed","sticky":false,"template":"","format":"standard","meta":{"_acf_changed":false,"footnotes":""},"categories":[797,777],"tags":[],"class_list":["post-10369","post","type-post","status-publish","format-standard","has-post-thumbnail","hentry","category-babillard-communautaire","category-trimestriel"],"acf":[],"_links":{"self":[{"href":"https:\/\/www.och-lco.ca\/fr\/wp-json\/wp\/v2\/posts\/10369","targetHints":{"allow":["GET"]}}],"collection":[{"href":"https:\/\/www.och-lco.ca\/fr\/wp-json\/wp\/v2\/posts"}],"about":[{"href":"https:\/\/www.och-lco.ca\/fr\/wp-json\/wp\/v2\/types\/post"}],"author":[{"embeddable":true,"href":"https:\/\/www.och-lco.ca\/fr\/wp-json\/wp\/v2\/users\/2"}],"replies":[{"embeddable":true,"href":"https:\/\/www.och-lco.ca\/fr\/wp-json\/wp\/v2\/comments?post=10369"}],"version-history":[{"count":0,"href":"https:\/\/www.och-lco.ca\/fr\/wp-json\/wp\/v2\/posts\/10369\/revisions"}],"wp:featuredmedia":[{"embeddable":true,"href":"https:\/\/www.och-lco.ca\/fr\/wp-json\/wp\/v2\/media\/4744"}],"wp:attachment":[{"href":"https:\/\/www.och-lco.ca\/fr\/wp-json\/wp\/v2\/media?parent=10369"}],"wp:term":[{"taxonomy":"category","embeddable":true,"href":"https:\/\/www.och-lco.ca\/fr\/wp-json\/wp\/v2\/categories?post=10369"},{"taxonomy":"post_tag","embeddable":true,"href":"https:\/\/www.och-lco.ca\/fr\/wp-json\/wp\/v2\/tags?post=10369"}],"curies":[{"name":"wp","href":"https:\/\/api.w.org\/{rel}","templated":true}]}}