{"id":10403,"date":"2022-08-23T15:17:33","date_gmt":"2022-08-23T19:17:33","guid":{"rendered":"https:\/\/www.och-lco.ca\/fondation-lco-avenir-jeunesse-ouvre-la-voie-a-la-reussite-des-eleves\/"},"modified":"2023-05-15T11:02:00","modified_gmt":"2023-05-15T15:02:00","slug":"fondation-lco-avenir-jeunesse-ouvre-la-voie-a-la-reussite-des-eleves","status":"publish","type":"post","link":"https:\/\/www.och-lco.ca\/fr\/fondation-lco-avenir-jeunesse-ouvre-la-voie-a-la-reussite-des-eleves\/","title":{"rendered":"Fondation LCO : Avenir Jeunesse ouvre la voie \u00e0 la r\u00e9ussite des \u00e9l\u00e8ves"},"content":{"rendered":"<p>\u00ab Si vous voulez changer le monde une personne \u00e0 la fois,&nbsp;<a href=\"https:\/\/youth-futures.com\/fr\/\" target=\"_blank\" rel=\"noopener\">Avenir Jeunesse<\/a>&nbsp;est un excellent moyen d&rsquo;y parvenir. \u00bb<\/p>\n<p>C&rsquo;est ce qu&rsquo;un mentor du programme 2022 avait \u00e0 dire \u00e0 propos de son exp\u00e9rience.&nbsp;&nbsp;<\/p>\n<p>Avenir Jeunesse, fond\u00e9 en 2014, est un programme con\u00e7u pour \u00e9galiser les chances des \u00e9tudiants provenant de familles \u00e0 faible revenu qui commencent des \u00e9tudes postsecondaires. Le programme offre un mentorat, une formation sur le leadership et le m\u00e9tier, ainsi qu&rsquo;un placement professionnel pour des \u00e9tudiants, dont beaucoup sont les premiers de leur famille \u00e0 faire des \u00e9tudes coll\u00e9giales ou universitaires. Le 18 ao\u00fbt, 125 \u00e9tudiants ont re\u00e7u leur dipl\u00f4me du programme.&nbsp;&nbsp;<\/p>\n<p>Emmanuel Antonin, qui commence sa quatri\u00e8me ann\u00e9e de criminologie \u00e0 l&rsquo;Universit\u00e9 d&rsquo;Ottawa, a rejoint le programme en tant que mentor pour la premi\u00e8re fois cette ann\u00e9e, o\u00f9 son fr\u00e8re a \u00e9galement particip\u00e9 en tant que participant. Il a d\u00e9clar\u00e9 qu&rsquo;il \u00e9tait heureux de participer l&rsquo;ann\u00e9e prochaine.&nbsp;<\/p>\n<p>\u00ab Le programme leur donne tellement de ressources &#8211; formation en RCR, maintien dans l&#8217;emploi, comp\u00e9tences techniques et outils pour soutenir la sant\u00e9 mentale, j&rsquo;aurais aim\u00e9 avoir la possibilit\u00e9 de participer avant de commencer l&rsquo;\u00e9cole \u00bb, a-t-il d\u00e9clar\u00e9.&nbsp;<\/p>\n<p>La Fondation de LCO pour des communaut\u00e9s saines contribue au financement et au soutien administratif du programme.&nbsp;<\/p>\n<p>Abdirahim Daoud, qui a r\u00e9cemment obtenu son dipl\u00f4me de l&rsquo;\u00e9cole secondaire De La Salle, a particip\u00e9 au programme tandis qu&rsquo;il se pr\u00e9pare \u00e0 commencer sa premi\u00e8re ann\u00e9e de sociologie \u00e0 l&rsquo;Universit\u00e9 d&rsquo;Ottawa.&nbsp;&nbsp;<\/p>\n<p>Il a pass\u00e9 l&rsquo;\u00e9t\u00e9 \u00e0 faire un stage dans un bureau d&rsquo;avocats. Il a travaill\u00e9 dans la salle du courrier, o\u00f9 il a appris \u00e0 utiliser la technologie et l&rsquo;importance du suivi des documents importants. Abdi a d\u00e9clar\u00e9 qu&rsquo;il avait acquis de nombreuses comp\u00e9tences techniques, car la plupart des courriers devaient \u00eatre num\u00e9ris\u00e9s et envoy\u00e9s par courriel \u00e0 leurs destinataires.&nbsp;&nbsp;<\/p>\n<p>\u00ab Je pense que l&rsquo;une des choses les plus importantes que j&rsquo;ai apprises, sont les bonnes comp\u00e9tences en mati\u00e8re de communication, afin d&rsquo;avoir une excellente relation avec mon responsable \u00bb, a d\u00e9clar\u00e9 Abdi.&nbsp;&nbsp;<\/p>\n<p>Il a ajout\u00e9 qu&rsquo;il \u00e9tait \u00e9galement heureux d&rsquo;avoir eu la chance de visiter les universit\u00e9s et coll\u00e8ges locaux et de parler aux \u00e9tudiants actuels.&nbsp;&nbsp;<\/p>\n<p>\u00ab Je vous recommande fortement de participer au programme si vous le pouvez. Il y a tant \u00e0 apprendre, des le\u00e7ons financi\u00e8res \u00e0 la sant\u00e9 mentale et aux m\u00e9canismes d&rsquo;adaptation \u00bb, a d\u00e9clar\u00e9 Abdi, ajoutant que tout le groupe de participants et de mentors se consid\u00e8rent maintenant comme des amis.&nbsp;<\/p>\n<p>Suivez le site Web et les m\u00e9dias sociaux de la&nbsp;<a href=\"https:\/\/ochfoundation.ca\/\" target=\"_blank\" rel=\"noopener\">Fondation de LCO<\/a>&nbsp;pour savoir quand les candidatures seront ouvertes pour la classe 2023.<\/p>\n<p>\t\t\t\t\t\t\t\t\t\t\t\t\t\t\t<img decoding=\"async\" width=\"1024\" height=\"768\" src=\"https:\/\/www.och-lco.ca\/wp-content\/uploads\/2022\/12\/YF-grad-scaled.jpg\" alt=\"YF grad\" loading=\"lazy\" \/><\/p>\n","protected":false},"excerpt":{"rendered":"<p>\u00ab Si vous voulez changer le monde une personne \u00e0 la fois,&nbsp;Avenir Jeunesse&nbsp;est un excellent moyen d&rsquo;y parvenir. \u00bb C&rsquo;est ce qu&rsquo;un mentor du programme 2022 avait \u00e0 dire \u00e0 propos de son exp\u00e9rience.&nbsp;&nbsp; Avenir Jeunesse, fond\u00e9 en 2014, est un programme con\u00e7u pour \u00e9galiser les chances des \u00e9tudiants provenant de familles \u00e0 faible revenu&#8230;<\/p>\n","protected":false},"author":2,"featured_media":4848,"comment_status":"closed","ping_status":"closed","sticky":false,"template":"","format":"standard","meta":{"_acf_changed":false,"footnotes":""},"categories":[803,777],"tags":[],"class_list":["post-10403","post","type-post","status-publish","format-standard","has-post-thumbnail","hentry","category-fondation-lco","category-trimestriel"],"acf":[],"_links":{"self":[{"href":"https:\/\/www.och-lco.ca\/fr\/wp-json\/wp\/v2\/posts\/10403","targetHints":{"allow":["GET"]}}],"collection":[{"href":"https:\/\/www.och-lco.ca\/fr\/wp-json\/wp\/v2\/posts"}],"about":[{"href":"https:\/\/www.och-lco.ca\/fr\/wp-json\/wp\/v2\/types\/post"}],"author":[{"embeddable":true,"href":"https:\/\/www.och-lco.ca\/fr\/wp-json\/wp\/v2\/users\/2"}],"replies":[{"embeddable":true,"href":"https:\/\/www.och-lco.ca\/fr\/wp-json\/wp\/v2\/comments?post=10403"}],"version-history":[{"count":0,"href":"https:\/\/www.och-lco.ca\/fr\/wp-json\/wp\/v2\/posts\/10403\/revisions"}],"wp:featuredmedia":[{"embeddable":true,"href":"https:\/\/www.och-lco.ca\/fr\/wp-json\/wp\/v2\/media\/4848"}],"wp:attachment":[{"href":"https:\/\/www.och-lco.ca\/fr\/wp-json\/wp\/v2\/media?parent=10403"}],"wp:term":[{"taxonomy":"category","embeddable":true,"href":"https:\/\/www.och-lco.ca\/fr\/wp-json\/wp\/v2\/categories?post=10403"},{"taxonomy":"post_tag","embeddable":true,"href":"https:\/\/www.och-lco.ca\/fr\/wp-json\/wp\/v2\/tags?post=10403"}],"curies":[{"name":"wp","href":"https:\/\/api.w.org\/{rel}","templated":true}]}}