{"id":10412,"date":"2022-09-09T16:28:26","date_gmt":"2022-09-09T20:28:26","guid":{"rendered":"https:\/\/www.och-lco.ca\/avis-aux-medias-lautopartage-de-vehicules-electriques-sera-branche-au-811-gladstone-le-developpement-abordable-le-plus-recent-dottawa-mosaiq\/"},"modified":"2022-09-09T16:46:37","modified_gmt":"2022-09-09T20:46:37","slug":"avis-aux-medias-lautopartage-de-vehicules-electriques-sera-branche-au-811-gladstone-le-developpement-abordable-le-plus-recent-dottawa-mosaiq","status":"publish","type":"post","link":"https:\/\/www.och-lco.ca\/fr\/avis-aux-medias-lautopartage-de-vehicules-electriques-sera-branche-au-811-gladstone-le-developpement-abordable-le-plus-recent-dottawa-mosaiq\/","title":{"rendered":"Avis aux m\u00e9dias : L&rsquo;autopartage de v\u00e9hicules \u00e9lectriques sera branch\u00e9 au 811 Gladstone &#8211; le d\u00e9veloppement abordable le plus r\u00e9cent d&rsquo;Ottawa Mosa\u00efq"},"content":{"rendered":"<p>Les repr\u00e9sentants des m\u00e9dias sont invit\u00e9s \u00e0 assister au lancement officiel du premier site d&rsquo;autopartage de v\u00e9hicules \u00e9lectriques dans une communaut\u00e9 de logements abordables en Ontario.<\/p>\n<p>Le lancement aura lieu \u00e0 Mosa\u00cfq &#8211; 811, avenue Gladstone, le mardi 13 septembre de 11 h \u00e0 12 h.<\/p>\n<p>Les locataires de cinq communaut\u00e9s auront acc\u00e8s \u00e0 un Kia Niro enti\u00e8rement \u00e9lectrique, gar\u00e9 au 811 Gladstone. L&rsquo;autopartage offre de nombreux avantages aux communaut\u00e9s en proposant une alternative plus abordable que la possession d&rsquo;une voiture, qui est \u00e9galement meilleure pour l&rsquo;environnement. L&rsquo;acc\u00e8s \u00e0 un v\u00e9hicule personnel est souvent limit\u00e9 pour les m\u00e9nages \u00e0 revenu faible et moyen, et tous les d\u00e9placements ne peuvent pas \u00eatre effectu\u00e9s \u00e0 pied, \u00e0 v\u00e9lo ou par les transports en commun. Le manque d&rsquo;acc\u00e8s \u00e0 un v\u00e9hicule personnel peut causer des obstacles pour acc\u00e9der aux soins de sant\u00e9, acheter des aliments abordables ou rendre visite \u00e0 des proches \u00e0 l&rsquo;ext\u00e9rieur d&rsquo;Ottawa.<\/p>\n<p>Pour c\u00e9l\u00e9brer ce partenariat innovateur, le chef de la direction de Logement communautaire d&rsquo;Ottawa, St\u00e9phane Gigu\u00e8re, et le pr\u00e9sident du conseil d&rsquo;administration, Mathieu Fleury, seront accompagn\u00e9s du directeur g\u00e9n\u00e9ral du\u00a0<a href=\"https:\/\/www.ocaf-faco.ca\/fr\/\" target=\"_blank\" rel=\"noopener\">Fonds d&rsquo;action climatique d&rsquo;Ottawa<\/a>, Steve Winkelman, du chef de projet de\u00a0<a href=\"https:\/\/ontario.communauto.com\/fr\/\" target=\"_blank\" rel=\"noopener\">Communauto<\/a>, Wilson Wood, de Trevor Freeman\u00a0<a href=\"https:\/\/hydroottawa.com\/fr\" target=\"_blank\" rel=\"noopener\">d&rsquo;Hydro Ottawa<\/a>\u00a0et du personnel\u00a0<a href=\"https:\/\/www.envirocentre.ca\/fr\/\" target=\"_blank\" rel=\"noopener\">d&rsquo;EnviroCentre<\/a>\u00a0qui ont financ\u00e9 et soutenu conjointement le projet.<\/p>\n<p>Ordre du jour :<\/p>\n<p>11 h 00 \u00e0 11 h 15 : Discours<\/p>\n<p>11 h 20 \u00e0 11 h 30 : S\u00e9ance de photos<\/p>\n<p>11 h 30 \u00e0 12 h 00 : R\u00e9seautage et opportunit\u00e9 de tester le v\u00e9hicule<\/p>\n<p>Les repr\u00e9sentants des m\u00e9dias auront la chance de tester le v\u00e9hicule apr\u00e8s les discours et la s\u00e9ance de photos. Le v\u00e9hicule est un Kia Niro \u00e9lectrique.<\/p>\n<p>Relations avec les medias :<\/p>\n<p>Vita Sgardello<br \/>\nResponsable des communications<br \/>\nEnviroCentre<br \/>\n<a href=\"mailto:vita.sgardello@envirocentre.ca\" target=\"_blank\" rel=\"noopener\">vita.sgardello@envirocentre.ca\u00a0\u00a0<\/a><br \/>\n613-799-0234<\/p>\n<p>Jennifer McIntosh<br \/>\nSp\u00e9cialiste des communications et du marketing<br \/>\nSoci\u00e9t\u00e9 de logement communautaire d&rsquo;Ottawa<br \/>\n<a href=\"mailto:media@och.ca\" target=\"_blank\" rel=\"noopener\">media@och.ca<\/a><br \/>\n613-914-9953<\/p>\n","protected":false},"excerpt":{"rendered":"<p>Les repr\u00e9sentants des m\u00e9dias sont invit\u00e9s \u00e0 assister au lancement officiel du premier site d&rsquo;autopartage de v\u00e9hicules \u00e9lectriques dans une communaut\u00e9 de logements abordables en Ontario. Le lancement aura lieu \u00e0 Mosa\u00cfq &#8211; 811, avenue Gladstone, le mardi 13 septembre de 11 h \u00e0 12 h. Les locataires de cinq communaut\u00e9s auront acc\u00e8s \u00e0 un&#8230;<\/p>\n","protected":false},"author":2,"featured_media":4873,"comment_status":"closed","ping_status":"closed","sticky":false,"template":"","format":"standard","meta":{"_acf_changed":false,"footnotes":""},"categories":[938,709],"tags":[],"class_list":["post-10412","post","type-post","status-publish","format-standard","has-post-thumbnail","hentry","category-avis-au-medias","category-uncategorized"],"acf":[],"_links":{"self":[{"href":"https:\/\/www.och-lco.ca\/fr\/wp-json\/wp\/v2\/posts\/10412","targetHints":{"allow":["GET"]}}],"collection":[{"href":"https:\/\/www.och-lco.ca\/fr\/wp-json\/wp\/v2\/posts"}],"about":[{"href":"https:\/\/www.och-lco.ca\/fr\/wp-json\/wp\/v2\/types\/post"}],"author":[{"embeddable":true,"href":"https:\/\/www.och-lco.ca\/fr\/wp-json\/wp\/v2\/users\/2"}],"replies":[{"embeddable":true,"href":"https:\/\/www.och-lco.ca\/fr\/wp-json\/wp\/v2\/comments?post=10412"}],"version-history":[{"count":0,"href":"https:\/\/www.och-lco.ca\/fr\/wp-json\/wp\/v2\/posts\/10412\/revisions"}],"wp:featuredmedia":[{"embeddable":true,"href":"https:\/\/www.och-lco.ca\/fr\/wp-json\/wp\/v2\/media\/4873"}],"wp:attachment":[{"href":"https:\/\/www.och-lco.ca\/fr\/wp-json\/wp\/v2\/media?parent=10412"}],"wp:term":[{"taxonomy":"category","embeddable":true,"href":"https:\/\/www.och-lco.ca\/fr\/wp-json\/wp\/v2\/categories?post=10412"},{"taxonomy":"post_tag","embeddable":true,"href":"https:\/\/www.och-lco.ca\/fr\/wp-json\/wp\/v2\/tags?post=10412"}],"curies":[{"name":"wp","href":"https:\/\/api.w.org\/{rel}","templated":true}]}}