{"id":10416,"date":"2022-10-05T15:08:31","date_gmt":"2022-10-05T19:08:31","guid":{"rendered":"https:\/\/www.och-lco.ca\/avis-aux-medias-des-partenaires-communautaires-lancent-un-garde-manger-public-pour-lutter-contre-linsecurite-alimentaire\/"},"modified":"2022-10-05T15:11:52","modified_gmt":"2022-10-05T19:11:52","slug":"avis-aux-medias-des-partenaires-communautaires-lancent-un-garde-manger-public-pour-lutter-contre-linsecurite-alimentaire","status":"publish","type":"post","link":"https:\/\/www.och-lco.ca\/fr\/avis-aux-medias-des-partenaires-communautaires-lancent-un-garde-manger-public-pour-lutter-contre-linsecurite-alimentaire\/","title":{"rendered":"Avis aux m\u00e9dias : Des partenaires communautaires lancent un \u00ab garde-manger public \u00bb pour lutter contre l&rsquo;ins\u00e9curit\u00e9 alimentaire"},"content":{"rendered":"<p><b><span data-contrast=\"auto\">Le 5 octobre 2022, Ottawa, ON<\/span><\/b><span data-contrast=\"auto\"> &#8211; Les m\u00e9dias sont invit\u00e9s le 6 octobre \u00e0 assister au lancement de \u00ab\u00a0Public Foods\u00a0\u00bb, un r\u00e9frig\u00e9rateur et un garde-manger communautaire. Logement communautaire d&rsquo;Ottawa sera rejoint par des repr\u00e9sentants de <\/span><span data-contrast=\"none\">Glebe-St. James United Church<\/span><span data-contrast=\"auto\">, le Centre de sant\u00e9 communautaire du Centre-ville, l&rsquo;\u00e9cole d&rsquo;architecture de l&rsquo;Universit\u00e9 Carleton et le Caf\u00e9 Arlington 5.<\/span><span data-ccp-props=\"{&quot;201341983&quot;:0,&quot;335551550&quot;:0,&quot;335551620&quot;:0,&quot;335559739&quot;:160,&quot;335559740&quot;:257}\">\u00a0<\/span><\/p>\n<p><span data-contrast=\"none\">Les repr\u00e9sentants diront quelques mots \u00e0 propos de leur participation au projet, et des r\u00e9sidents diront quelques mots \u00e0 propos de son impact sur la communaut\u00e9.\u00a0 <\/span><span data-ccp-props=\"{&quot;201341983&quot;:0,&quot;335551550&quot;:0,&quot;335551620&quot;:0,&quot;335559739&quot;:160,&quot;335559740&quot;:257}\">\u00a0<\/span><\/p>\n<p><span data-contrast=\"none\">Le lancement aura lieu le 6 octobre de 17 h \u00e0 18 h au 415, rue MacLaren, pr\u00e8s de la structure de public foods.<\/span><span data-ccp-props=\"{&quot;201341983&quot;:0,&quot;335551550&quot;:0,&quot;335551620&quot;:0,&quot;335559739&quot;:160,&quot;335559740&quot;:257}\">\u00a0<\/span><\/p>\n<p><span data-contrast=\"none\">Relations avec les m\u00e9dias :<\/span><span data-ccp-props=\"{&quot;201341983&quot;:0,&quot;335551550&quot;:0,&quot;335551620&quot;:0,&quot;335559739&quot;:160,&quot;335559740&quot;:257}\">\u00a0<\/span><\/p>\n<p><span data-contrast=\"none\">Jennifer McIntosh <\/span><br \/>\n<span data-contrast=\"none\">Sp\u00e9cialiste des communications et du marketing<\/span><br \/>\n<span data-contrast=\"none\"> Logement Communautaire d\u2019Ottawa <\/span><br \/>\n<a href=\"mailto:media@och.ca\"><span data-contrast=\"none\">media@och.ca<\/span><\/a><span data-contrast=\"none\">\u00a0 <\/span><span data-ccp-props=\"{&quot;201341983&quot;:0,&quot;335551550&quot;:0,&quot;335551620&quot;:0,&quot;335559739&quot;:160,&quot;335559740&quot;:257}\">\u00a0<\/span><\/p>\n","protected":false},"excerpt":{"rendered":"<p>Le 5 octobre 2022, Ottawa, ON &#8211; Les m\u00e9dias sont invit\u00e9s le 6 octobre \u00e0 assister au lancement de \u00ab\u00a0Public Foods\u00a0\u00bb, un r\u00e9frig\u00e9rateur et un garde-manger communautaire. Logement communautaire d&rsquo;Ottawa sera rejoint par des repr\u00e9sentants de Glebe-St. James United Church, le Centre de sant\u00e9 communautaire du Centre-ville, l&rsquo;\u00e9cole d&rsquo;architecture de l&rsquo;Universit\u00e9 Carleton et le Caf\u00e9&#8230;<\/p>\n","protected":false},"author":2,"featured_media":4891,"comment_status":"closed","ping_status":"closed","sticky":false,"template":"","format":"standard","meta":{"_acf_changed":false,"footnotes":""},"categories":[938],"tags":[],"class_list":["post-10416","post","type-post","status-publish","format-standard","has-post-thumbnail","hentry","category-avis-au-medias"],"acf":[],"_links":{"self":[{"href":"https:\/\/www.och-lco.ca\/fr\/wp-json\/wp\/v2\/posts\/10416","targetHints":{"allow":["GET"]}}],"collection":[{"href":"https:\/\/www.och-lco.ca\/fr\/wp-json\/wp\/v2\/posts"}],"about":[{"href":"https:\/\/www.och-lco.ca\/fr\/wp-json\/wp\/v2\/types\/post"}],"author":[{"embeddable":true,"href":"https:\/\/www.och-lco.ca\/fr\/wp-json\/wp\/v2\/users\/2"}],"replies":[{"embeddable":true,"href":"https:\/\/www.och-lco.ca\/fr\/wp-json\/wp\/v2\/comments?post=10416"}],"version-history":[{"count":0,"href":"https:\/\/www.och-lco.ca\/fr\/wp-json\/wp\/v2\/posts\/10416\/revisions"}],"wp:featuredmedia":[{"embeddable":true,"href":"https:\/\/www.och-lco.ca\/fr\/wp-json\/wp\/v2\/media\/4891"}],"wp:attachment":[{"href":"https:\/\/www.och-lco.ca\/fr\/wp-json\/wp\/v2\/media?parent=10416"}],"wp:term":[{"taxonomy":"category","embeddable":true,"href":"https:\/\/www.och-lco.ca\/fr\/wp-json\/wp\/v2\/categories?post=10416"},{"taxonomy":"post_tag","embeddable":true,"href":"https:\/\/www.och-lco.ca\/fr\/wp-json\/wp\/v2\/tags?post=10416"}],"curies":[{"name":"wp","href":"https:\/\/api.w.org\/{rel}","templated":true}]}}