{"id":10425,"date":"2022-10-25T15:56:48","date_gmt":"2022-10-25T19:56:48","guid":{"rendered":"https:\/\/www.och-lco.ca\/rencontre-avec-un-e-locataire-rencontrez-cathy\/"},"modified":"2023-05-15T11:02:17","modified_gmt":"2023-05-15T15:02:17","slug":"rencontre-avec-un-e-locataire-rencontrez-cathy","status":"publish","type":"post","link":"https:\/\/www.och-lco.ca\/fr\/rencontre-avec-un-e-locataire-rencontrez-cathy\/","title":{"rendered":"Rencontre avec un (e) locataire : Rencontrez Cathy"},"content":{"rendered":"<p>\u00ab Le b\u00e9n\u00e9volat est le prix \u00e0 payer pour vivre sur cette terre \u00bb : c&rsquo;est le mantra de Cathy, r\u00e9sidente des tours Clementine.&nbsp;<\/p>\n<p>Le sens du d\u00e9vouement envers sa communaut\u00e9 l&rsquo;a pouss\u00e9e \u00e0 ouvrir un garde-manger qui accueille jusqu&rsquo;\u00e0 60 personnes par jour.&nbsp;&nbsp;<\/p>\n<p>Cathy habite dans les communaut\u00e9s de LCO depuis six ans. Elle a d\u00e9m\u00e9nag\u00e9 au 2100 rue Russell apr\u00e8s un accident de voiture qui l&rsquo;a rendue incapable de travailler.&nbsp;&nbsp;<\/p>\n<p>Lorsqu&rsquo;elle a d\u00e9m\u00e9nag\u00e9 aux tours Clementine, elle a commenc\u00e9 \u00e0 faire du b\u00e9n\u00e9volat dans le jardin communautaire, et a ensuite obtenu le poste de vice-pr\u00e9sidente de l&rsquo;association des locataires. Apr\u00e8s avoir suivi l&rsquo;atelier Cr\u00e9er le changement que nous souhaitons du Cadre de d\u00e9veloppement communautaire, elle a ouvert le garde-manger.&nbsp;<\/p>\n<p>Elle a d\u00e9clar\u00e9 que la pand\u00e9mie a mis en \u00e9vidence les probl\u00e8mes de s\u00e9curit\u00e9 alimentaire dans l&rsquo;immeuble, racontant une histoire d&rsquo;une femme qui se sentait faible dans le foyer.&nbsp;&nbsp;<\/p>\n<p>\u00ab Elle avait simplement faim, alors je suis all\u00e9e lui chercher de la nourriture \u00bb, a d\u00e9clar\u00e9 Cathy, ajoutant que le garde-manger \u00e9tait \u00e0 l&rsquo;origine un placard qu&rsquo;elle a rempli d&rsquo;articles provenant de sa propre cuisine.&nbsp;&nbsp;<\/p>\n<p>Elle a ajout\u00e9 que de nombreux r\u00e9sidents ont des probl\u00e8mes de mobilit\u00e9, ce qui rend les d\u00e9placements vers la Banque alimentaire d&rsquo;Ottawa difficiles.&nbsp; &nbsp;<\/p>\n<p>Il y a environ un an, Cathy a re\u00e7u une subvention du Centre de sant\u00e9 communautaire du sude-est d&rsquo;Ottawa. Elle a utilis\u00e9 les fonds pour organiser une soir\u00e9e de danse, une soir\u00e9e de quiz et une soir\u00e9e de peinture, puis elle a utilis\u00e9 le reste pour acheter des produits alimentaires de base pour le garde-manger, comme des nouilles et de la laitue.&nbsp;<\/p>\n<p>Gr\u00e2ce \u00e0 l&rsquo;aide de notre ancien d\u00e9veloppeur communautaire, Catherine, elle a pu installer des \u00e9tag\u00e8res dans le garde-manger. Elle a commenc\u00e9 par recevoir de la nourriture de sa fille et de son propre r\u00e9seau d&rsquo;amis. Ensuite, elle a sollicit\u00e9 l&rsquo;aide du conseiller municipal, qui a lanc\u00e9 un appel pour de la nourriture dans son bulletin mensuel. En juin, elle a re\u00e7u un don de 91 $ de la vente de garage du Grand Glebe. En ao\u00fbt, le garde-manger a re\u00e7u un prix de Awesome Ottawa, qui comprenait une subvention de 1 000 $ qui a permis d&rsquo;acheter un cong\u00e9lateur. Le garde-manger re\u00e7oit \u00e9galement un soutien sous forme de dons de nourriture de la Redeemed Christian Church of God sur la promenade Auriga et de Drive and Food Sharing Ottawa.<\/p>\n<p>Le garde-manger a parcouru un long chemin depuis un placard rempli de produits provenant de la cuisine de Cathy. Elle a distribu\u00e9 2 400 sacs de nourriture l&rsquo;ann\u00e9e derni\u00e8re et travaille avec une douzaine de b\u00e9n\u00e9voles de la communaut\u00e9. Cathy reste modeste par rapport \u00e0 son r\u00f4le.&nbsp;&nbsp;<\/p>\n<p>\u00ab Si je fais quelque chose, j&rsquo;y met tout mon c\u0153ur \u00bb, dit-elle. Si vous souhaitez faire un don \u00e0 la garde-manger de la tour Clementine, envoyez un courriel \u00e0 Cathy \u00e0 l&rsquo;adresse clementinefoodpantry@gmail.com.&nbsp;<\/p>\n<p>\t<br \/>\n\t\t\t\t\t\t\t\t\t\t\t\t\t\t\t<img decoding=\"async\" width=\"1024\" height=\"926\" src=\"https:\/\/www.och-lco.ca\/wp-content\/uploads\/2022\/12\/Cathy-scaled.jpg\" alt=\"Cathy\" loading=\"lazy\" \/><\/p>\n","protected":false},"excerpt":{"rendered":"<p>\u00ab Le b\u00e9n\u00e9volat est le prix \u00e0 payer pour vivre sur cette terre \u00bb : c&rsquo;est le mantra de Cathy, r\u00e9sidente des tours Clementine.&nbsp; Le sens du d\u00e9vouement envers sa communaut\u00e9 l&rsquo;a pouss\u00e9e \u00e0 ouvrir un garde-manger qui accueille jusqu&rsquo;\u00e0 60 personnes par jour.&nbsp;&nbsp; Cathy habite dans les communaut\u00e9s de LCO depuis six ans. Elle&#8230;<\/p>\n","protected":false},"author":2,"featured_media":4934,"comment_status":"closed","ping_status":"closed","sticky":false,"template":"","format":"standard","meta":{"_acf_changed":false,"footnotes":""},"categories":[777,781],"tags":[],"class_list":["post-10425","post","type-post","status-publish","format-standard","has-post-thumbnail","hentry","category-trimestriel","category-rencontre-avec-un_e-locataire"],"acf":[],"_links":{"self":[{"href":"https:\/\/www.och-lco.ca\/fr\/wp-json\/wp\/v2\/posts\/10425","targetHints":{"allow":["GET"]}}],"collection":[{"href":"https:\/\/www.och-lco.ca\/fr\/wp-json\/wp\/v2\/posts"}],"about":[{"href":"https:\/\/www.och-lco.ca\/fr\/wp-json\/wp\/v2\/types\/post"}],"author":[{"embeddable":true,"href":"https:\/\/www.och-lco.ca\/fr\/wp-json\/wp\/v2\/users\/2"}],"replies":[{"embeddable":true,"href":"https:\/\/www.och-lco.ca\/fr\/wp-json\/wp\/v2\/comments?post=10425"}],"version-history":[{"count":0,"href":"https:\/\/www.och-lco.ca\/fr\/wp-json\/wp\/v2\/posts\/10425\/revisions"}],"wp:featuredmedia":[{"embeddable":true,"href":"https:\/\/www.och-lco.ca\/fr\/wp-json\/wp\/v2\/media\/4934"}],"wp:attachment":[{"href":"https:\/\/www.och-lco.ca\/fr\/wp-json\/wp\/v2\/media?parent=10425"}],"wp:term":[{"taxonomy":"category","embeddable":true,"href":"https:\/\/www.och-lco.ca\/fr\/wp-json\/wp\/v2\/categories?post=10425"},{"taxonomy":"post_tag","embeddable":true,"href":"https:\/\/www.och-lco.ca\/fr\/wp-json\/wp\/v2\/tags?post=10425"}],"curies":[{"name":"wp","href":"https:\/\/api.w.org\/{rel}","templated":true}]}}