{"id":10428,"date":"2022-10-31T10:13:20","date_gmt":"2022-10-31T14:13:20","guid":{"rendered":"https:\/\/www.och-lco.ca\/avis-aux-medias-lco-avantages-communautaires\/"},"modified":"2022-10-31T10:17:41","modified_gmt":"2022-10-31T14:17:41","slug":"avis-aux-medias-lco-avantages-communautaires","status":"publish","type":"post","link":"https:\/\/www.och-lco.ca\/fr\/avis-aux-medias-lco-avantages-communautaires\/","title":{"rendered":"Avis aux m\u00e9dias : La Soci\u00e9t\u00e9 de logement communautaire d&rsquo;Ottawa c\u00e9l\u00e8bre une entente historique sur les avantages communautaires"},"content":{"rendered":"<p><b><span data-contrast=\"auto\">OTTAWA, le 31 octobre 2022 \u2013<\/span><\/b><span data-contrast=\"auto\"> La Soci\u00e9t\u00e9 de logement communautaire d\u2019Ottawa est fi\u00e8re de c\u00e9l\u00e9brer la signature officielle d\u2019une entente sur les avantages communautaires (EAC), la premi\u00e8re entente de cette nature dans la Ville d\u2019Ottawa.\u00a0<\/span><span data-ccp-props=\"{&quot;201341983&quot;:0,&quot;335559739&quot;:0,&quot;335559740&quot;:240}\">\u00a0<\/span><\/p>\n<p><b><span data-contrast=\"auto\">Pour cette annonce, le pr\u00e9sident-directeur g\u00e9n\u00e9ral de LCO, St\u00e9phane Gigu\u00e8re, et le directeur <\/span><\/b><b><span data-contrast=\"none\">principal du d\u00e9veloppement<\/span><\/b> <b><span data-contrast=\"auto\">de LCO, Cliff Youdale, seront accompagn\u00e9s de repr\u00e9sentant(e)s de l\u2019organisme Ottawa Community Benefits Network et d&rsquo;<\/span><\/b><b><span data-contrast=\"auto\">\u00e9lus le mardi 1er novembre \u00e0 10 h.<\/span><\/b><span data-contrast=\"auto\">\u00a0<\/span><span data-ccp-props=\"{&quot;201341983&quot;:0,&quot;335559739&quot;:0,&quot;335559740&quot;:240}\">\u00a0<\/span><\/p>\n<p><span data-contrast=\"auto\">L\u2019\u00e9v\u00e9nement se d\u00e9roulera \u00e0 l\u2019ext\u00e9rieur de la cour centrale de Mosa\u00efq, au 811, avenue Gladstone, le plus r\u00e9cent d\u00e9veloppement de logements abordables de LCO.\u00a0<\/span><span data-ccp-props=\"{&quot;201341983&quot;:0,&quot;335559739&quot;:0,&quot;335559740&quot;:240}\">\u00a0<\/span><\/p>\n<p><span data-contrast=\"auto\">Nous invitons les repr\u00e9sentant(e)s des m\u00e9dias \u00e0 assister \u00e0 cette convocation, \u00e0 prendre des photos et faire des enregistrements vid\u00e9o, et \u00e0 interviewer les repr\u00e9sentant(e)s des deux organismes.\u00a0<\/span><span data-ccp-props=\"{&quot;201341983&quot;:0,&quot;335559739&quot;:0,&quot;335559740&quot;:240}\">\u00a0<\/span><\/p>\n<p><b><span data-contrast=\"auto\">Pour confirmer votre pr\u00e9sence ou pour convenir d\u2019une entrevue, pri\u00e8re de vous adresser \u00e0 :\u00a0<\/span><\/b><span data-ccp-props=\"{&quot;201341983&quot;:0,&quot;335559739&quot;:0,&quot;335559740&quot;:240}\">\u00a0<\/span><\/p>\n<div><span data-contrast=\"auto\">Adam Haga\u00a0<\/span><span data-ccp-props=\"{&quot;201341983&quot;:0,&quot;335559739&quot;:0,&quot;335559740&quot;:240}\">\u00a0<\/span><\/div>\n<div><span data-contrast=\"auto\">Conseiller en relations publiques et avec les m\u00e9dias\u00a0<\/span><span data-ccp-props=\"{&quot;201341983&quot;:0,&quot;335559739&quot;:0,&quot;335559740&quot;:240}\">\u00a0<\/span><\/div>\n<div><span data-contrast=\"auto\">Soci\u00e9t\u00e9 de logement communautaire d\u2019Ottawa<\/span><span data-ccp-props=\"{&quot;201341983&quot;:0,&quot;335559739&quot;:0,&quot;335559740&quot;:240}\">\u00a0<\/span><\/div>\n<div><a href=\"mailto:media@och.ca\"><span data-contrast=\"none\">media@och.ca<\/span><\/a><span data-contrast=\"auto\">\u00a0<\/span><span data-ccp-props=\"{&quot;201341983&quot;:0,&quot;335559739&quot;:0,&quot;335559740&quot;:240}\">\u00a0<\/span><\/div>\n<div><span data-contrast=\"auto\">343-997-5700<\/span><\/div>\n","protected":false},"excerpt":{"rendered":"<p>OTTAWA, le 31 octobre 2022 \u2013 La Soci\u00e9t\u00e9 de logement communautaire d\u2019Ottawa est fi\u00e8re de c\u00e9l\u00e9brer la signature officielle d\u2019une entente sur les avantages communautaires (EAC), la premi\u00e8re entente de cette nature dans la Ville d\u2019Ottawa.\u00a0\u00a0 Pour cette annonce, le pr\u00e9sident-directeur g\u00e9n\u00e9ral de LCO, St\u00e9phane Gigu\u00e8re, et le directeur principal du d\u00e9veloppement de LCO, Cliff&#8230;<\/p>\n","protected":false},"author":2,"featured_media":4946,"comment_status":"closed","ping_status":"closed","sticky":false,"template":"","format":"standard","meta":{"_acf_changed":false,"footnotes":""},"categories":[938,709],"tags":[],"class_list":["post-10428","post","type-post","status-publish","format-standard","has-post-thumbnail","hentry","category-avis-au-medias","category-uncategorized"],"acf":[],"_links":{"self":[{"href":"https:\/\/www.och-lco.ca\/fr\/wp-json\/wp\/v2\/posts\/10428","targetHints":{"allow":["GET"]}}],"collection":[{"href":"https:\/\/www.och-lco.ca\/fr\/wp-json\/wp\/v2\/posts"}],"about":[{"href":"https:\/\/www.och-lco.ca\/fr\/wp-json\/wp\/v2\/types\/post"}],"author":[{"embeddable":true,"href":"https:\/\/www.och-lco.ca\/fr\/wp-json\/wp\/v2\/users\/2"}],"replies":[{"embeddable":true,"href":"https:\/\/www.och-lco.ca\/fr\/wp-json\/wp\/v2\/comments?post=10428"}],"version-history":[{"count":0,"href":"https:\/\/www.och-lco.ca\/fr\/wp-json\/wp\/v2\/posts\/10428\/revisions"}],"wp:featuredmedia":[{"embeddable":true,"href":"https:\/\/www.och-lco.ca\/fr\/wp-json\/wp\/v2\/media\/4946"}],"wp:attachment":[{"href":"https:\/\/www.och-lco.ca\/fr\/wp-json\/wp\/v2\/media?parent=10428"}],"wp:term":[{"taxonomy":"category","embeddable":true,"href":"https:\/\/www.och-lco.ca\/fr\/wp-json\/wp\/v2\/categories?post=10428"},{"taxonomy":"post_tag","embeddable":true,"href":"https:\/\/www.och-lco.ca\/fr\/wp-json\/wp\/v2\/tags?post=10428"}],"curies":[{"name":"wp","href":"https:\/\/api.w.org\/{rel}","templated":true}]}}