{"id":15190,"date":"2023-09-18T17:58:30","date_gmt":"2023-09-18T21:58:30","guid":{"rendered":"https:\/\/www.och-lco.ca\/bienvenue-chez-nous-des-ameliorations-communautaires-metamorphosent-le-hall-dentree-au-31-avenue-mcewen\/"},"modified":"2023-09-25T15:05:24","modified_gmt":"2023-09-25T19:05:24","slug":"bienvenue-chez-nous-des-ameliorations-communautaires-metamorphosent-le-hall-dentree-au-31-avenue-mcewen","status":"publish","type":"post","link":"https:\/\/www.och-lco.ca\/fr\/bienvenue-chez-nous-des-ameliorations-communautaires-metamorphosent-le-hall-dentree-au-31-avenue-mcewen\/","title":{"rendered":"Bienvenue chez-nous : Des am\u00e9liorations communautaires m\u00e9tamorphosent le hall d\u2019entr\u00e9e au 31, avenue McEwen"},"content":{"rendered":"<p>Les locataires de la communaut\u00e9 pour a\u00een\u00e9(e)s du 31, avenue McEwen, ont inaugur\u00e9 la transformation de leur immeuble le 18 septembre.<\/p>\n<p>Les travaux ont englob\u00e9 une peinture fraiche pour tous les murs, les plafonds, les portes et les cadres de porte du hall d\u2019entr\u00e9e, des couloirs du rez-de-chauss\u00e9e, du vestibule, de la salle de courrier, des toilettes, de la salle communautaire, et de la salle de jeux.<\/p>\n<p><b>Autres am\u00e9liorations\u00a0\u00a0<\/b><\/p>\n<ul>\n<li>Tous les rev\u00eatements de sol et les carreaux de rev\u00eatement aux murs dans les aires communes au rez-de-chauss\u00e9e ont \u00e9t\u00e9 remplac\u00e9s par de nouveaux carreaux de c\u00e9ramique.<\/li>\n<li>Les carreaux de plafond dans le hall d\u2019entr\u00e9e et les couloirs du rez-de-chauss\u00e9e ont \u00e9t\u00e9 remplac\u00e9s.<\/li>\n<li>De nouveaux luminaires ont \u00e9t\u00e9 install\u00e9s dans le hall d\u2019entr\u00e9e principal et le vestibule avant.<\/li>\n<li>Des luminaires \u00e0 DEL ont \u00e9t\u00e9 remplac\u00e9s dans la salle de courrier et les couloirs du rez-de-chauss\u00e9e.<\/li>\n<li>En tout, 72 000 $ ont \u00e9t\u00e9 investis pour ce projet.<\/li>\n<\/ul>\n<p>Selon St\u00e9phane Gigu\u00e8re, le pr\u00e9sident-directeur g\u00e9n\u00e9ral de LCO : \u00ab Cette m\u00e9tamorphose au 31, avenue McEwen, aura un impact b\u00e9n\u00e9fique sur les locataires et rehaussera leur sentiment de fiert\u00e9 envers leur communaut\u00e9. Le hall d\u2019entr\u00e9e est le premier endroit que voient les gens quand ils p\u00e9n\u00e8trent dans un immeuble. Le programme Bienvenue chez-nous contribue au bien-\u00eatre des locataires et am\u00e9liore leur milieu de vie. \u00bb<\/p>\n<p>Le Programme Bienvenue chez-nous vise la cr\u00e9ation de milieux plus accueillants pour les locataires et leurs invit\u00e9(e)s. En investissant dans les am\u00e9liorations du hall d\u2019entr\u00e9e et des aires communes de cet immeuble, LCO contribue au sentiment des membres de la communaut\u00e9 envers leur milieu de vie.<\/p>\n<p>Saviez-vous que LCO s\u2019est engag\u00e9e \u00e0 r\u00e9aliser 14 projets Bienvenue chez-nous en 2023? Cela repr\u00e9sente des transformations dans des immeubles partout dans la ville et qui ont un impact b\u00e9n\u00e9fique sur des milliers de locataires.<\/p>\n<p>\u00ab Je sais que cet investissement sera b\u00e9n\u00e9fique pour les 200 r\u00e9sident(e)s qui ont fait du 31, avenue McEwen, leur milieu de vie. En tant que principal fournisseur de logements sociaux et communautaires de la ville, il est indispensable que LCO assure l\u2019entretien de ses immeubles et pr\u00e9serve les domiciles des locataires maintenant et \u00e0 l\u2019avenir \u00bb, a affirm\u00e9 Theresa Kavanagh, conseill\u00e8re du quartier Baie et pr\u00e9sidente du CA de LCO.<\/p>\n<p><img loading=\"lazy\" decoding=\"async\" src=\"https:\/\/www.och-lco.ca\/wp-content\/uploads\/2023\/09\/Welcome-Home-before-and-after-BIL-McEwen-Twitter-1024x576.png\" sizes=\"auto, (max-width: 1024px) 100vw, 1024px\" srcset=\"https:\/\/www.och-lco.ca\/wp-content\/uploads\/2023\/09\/Welcome-Home-before-and-after-BIL-McEwen-Twitter-1024x576.png 1024w, https:\/\/www.och-lco.ca\/wp-content\/uploads\/2023\/09\/Welcome-Home-before-and-after-BIL-McEwen-Twitter-300x169.png 300w, https:\/\/www.och-lco.ca\/wp-content\/uploads\/2023\/09\/Welcome-Home-before-and-after-BIL-McEwen-Twitter-768x432.png 768w, https:\/\/www.och-lco.ca\/wp-content\/uploads\/2023\/09\/Welcome-Home-before-and-after-BIL-McEwen-Twitter-1536x864.png 1536w, https:\/\/www.och-lco.ca\/wp-content\/uploads\/2023\/09\/Welcome-Home-before-and-after-BIL-McEwen-Twitter.png 580w, https:\/\/www.och-lco.ca\/wp-content\/uploads\/2023\/09\/Welcome-Home-before-and-after-BIL-McEwen-Twitter.png 820w, https:\/\/www.och-lco.ca\/wp-content\/uploads\/2023\/09\/Welcome-Home-before-and-after-BIL-McEwen-Twitter.png 1160w, https:\/\/www.och-lco.ca\/wp-content\/uploads\/2023\/09\/Welcome-Home-before-and-after-BIL-McEwen-Twitter.png 1600w\" alt=\"Welcome Home before and after BIL McEwen Twitter\" width=\"1024\" height=\"576\" \/><\/p>\n","protected":false},"excerpt":{"rendered":"<p>Les locataires de la communaut\u00e9 pour a\u00een\u00e9(e)s du 31, avenue McEwen, ont inaugur\u00e9 la transformation de leur immeuble le 18 septembre. Les travaux ont englob\u00e9 une peinture fraiche pour tous les murs, les plafonds, les portes et les cadres de porte du hall d\u2019entr\u00e9e, des couloirs du rez-de-chauss\u00e9e, du vestibule, de la salle de courrier,&#8230;<\/p>\n","protected":false},"author":2,"featured_media":15125,"comment_status":"closed","ping_status":"open","sticky":false,"template":"","format":"standard","meta":{"_acf_changed":false,"footnotes":""},"categories":[744,709],"tags":[],"class_list":["post-15190","post","type-post","status-publish","format-standard","has-post-thumbnail","hentry","category-construction-update","category-uncategorized"],"acf":[],"_links":{"self":[{"href":"https:\/\/www.och-lco.ca\/fr\/wp-json\/wp\/v2\/posts\/15190","targetHints":{"allow":["GET"]}}],"collection":[{"href":"https:\/\/www.och-lco.ca\/fr\/wp-json\/wp\/v2\/posts"}],"about":[{"href":"https:\/\/www.och-lco.ca\/fr\/wp-json\/wp\/v2\/types\/post"}],"author":[{"embeddable":true,"href":"https:\/\/www.och-lco.ca\/fr\/wp-json\/wp\/v2\/users\/2"}],"replies":[{"embeddable":true,"href":"https:\/\/www.och-lco.ca\/fr\/wp-json\/wp\/v2\/comments?post=15190"}],"version-history":[{"count":0,"href":"https:\/\/www.och-lco.ca\/fr\/wp-json\/wp\/v2\/posts\/15190\/revisions"}],"wp:featuredmedia":[{"embeddable":true,"href":"https:\/\/www.och-lco.ca\/fr\/wp-json\/wp\/v2\/media\/15125"}],"wp:attachment":[{"href":"https:\/\/www.och-lco.ca\/fr\/wp-json\/wp\/v2\/media?parent=15190"}],"wp:term":[{"taxonomy":"category","embeddable":true,"href":"https:\/\/www.och-lco.ca\/fr\/wp-json\/wp\/v2\/categories?post=15190"},{"taxonomy":"post_tag","embeddable":true,"href":"https:\/\/www.och-lco.ca\/fr\/wp-json\/wp\/v2\/tags?post=15190"}],"curies":[{"name":"wp","href":"https:\/\/api.w.org\/{rel}","templated":true}]}}