{"id":16435,"date":"2024-03-14T14:15:28","date_gmt":"2024-03-14T18:15:28","guid":{"rendered":"https:\/\/www.och-lco.ca\/?p=16435"},"modified":"2024-03-14T14:18:09","modified_gmt":"2024-03-14T18:18:09","slug":"rencontre-avec-une-locataire-rencontrez-sang","status":"publish","type":"post","link":"https:\/\/www.och-lco.ca\/fr\/rencontre-avec-une-locataire-rencontrez-sang\/","title":{"rendered":"Rencontre avec un(e) locataire : Rencontrez Sang\u00a0"},"content":{"rendered":"\n<p>Sang habite \u00e0 la Place May Nickson depuis le d\u00e9but des ann\u00e9es 90. Elle aime la diversit\u00e9 de sa communaut\u00e9, qui compte des r\u00e9sidents venant du monde entier et de tous les \u00e2ges.&nbsp;<\/p>\n\n\n\n<p>\u00ab Il y a de jeunes familles, des a\u00een\u00e9s et tout ce qu&rsquo;il y a entre les deux \u00bb, explique Sang.&nbsp;<\/p>\n\n\n\n<p>Mais il y a quelques ann\u00e9es, ce lien communautaire manquait. Sang a d\u00e9clar\u00e9 que le salon n&rsquo;\u00e9tait pas utilis\u00e9, sauf si quelqu&rsquo;un voulait le louer.&nbsp;<\/p>\n\n\n\n<p>Sous la direction d&rsquo;Amanda, responsable du d\u00e9veloppement communautaire de l&rsquo;immeuble, les r\u00e9sidents ont cr\u00e9\u00e9 une association de locataires.&nbsp;<\/p>\n\n\n\n<p>Sang a \u00e9t\u00e9 l&rsquo;une des premi\u00e8res b\u00e9n\u00e9voles et est devenue une \u00ab d\u00e9tentrice de cl\u00e9s \u00bb pour le salon. Cela signifie qu&rsquo;elle peut organiser des activit\u00e9s.&nbsp;<\/p>\n\n\n\n<p>La communaut\u00e9 a commenc\u00e9 tranquillement, avec un bingo le dimanche soir \u2013 les gens jouaient pour s&rsquo;amuser, pas pour gagner de l&rsquo;argent, et faisaient payer une somme modique pour les collations. Ensuite, l&rsquo;association a obtenu une subvention pour une machine \u00e0 caf\u00e9 et un projecteur de cin\u00e9ma. Le projecteur a permis d&rsquo;organiser des soir\u00e9es cin\u00e9ma. L&rsquo;association a \u00e9galement mis en place des soir\u00e9es de jeux le mardi. Aujourd&rsquo;hui, elle organise des barbecues et des f\u00eates de fin d&rsquo;ann\u00e9e.&nbsp;<\/p>\n\n\n\n<p>\u00ab Cela permet aux gens de sortir et de se rencontrer \u00bb, a d\u00e9clar\u00e9 Sang.&nbsp;<\/p>\n\n\n\n<p>L&rsquo;\u00e9tape suivante pour Sang a \u00e9t\u00e9 de participer \u00e0 l&rsquo;atelier&nbsp; Creating the Change We Want (Cr\u00e9er le changement que nous voulons) avec le Cadre de d\u00e9veloppement communautaire. Elle a d\u00e9clar\u00e9 que certaines des connexions qu&rsquo;elle a \u00e9tablies \u00e0 cette occasion&nbsp; ont d\u00e9bouch\u00e9 sur des amiti\u00e9s durables.&nbsp;<\/p>\n\n\n\n<p>Par exemple, Sang travaille \u00e0 la mise en place d&rsquo;un garde-manger. Elle explique qu&rsquo;il y a beaucoup d&rsquo;ins\u00e9curit\u00e9 alimentaire dans la communaut\u00e9 et que les habitants ont souvent besoin de l&rsquo;aide de la Banque d&rsquo;alimentation. Cependant, en raison de la demande croissante, ils ont parfois besoin d&rsquo;aide pour obtenir les produits qu&rsquo;ils veulent ou dont ils ont besoin. Elle a trouv\u00e9 un moyen d&rsquo;aider et de faire fonctionner le garde-manger sur une base \u00ab \u00e0 prendre ou \u00e0 laisser \u00bb.&nbsp;<\/p>\n\n\n\n<p>&nbsp;\u00ab Les gens peuvent laisser ce qu&rsquo;ils ne veulent pas et prendre autre chose \u00bb, a-t-elle d\u00e9clar\u00e9, ajoutant qu&rsquo;elle travaillait avec Cathy, une r\u00e9sidente des tours Cl\u00e9mentine qui a cr\u00e9\u00e9 son garde-manger. Cathy lui a apport\u00e9 son soutien et ses conseils.&nbsp;<\/p>\n\n\n\n<p>Sang ne se limite pas \u00e0 faire la diff\u00e9rence dans son immeuble ; elle travaille \u00e9galement avec <a href=\"https:\/\/www.cawi-ivtf.org\/fr\/\" target=\"_blank\" rel=\"noreferrer noopener\">l&rsquo;initiative Une ville pour toutes les femmes<\/a>. Il s&rsquo;agit d&rsquo;une organisation qui vise \u00e0 garantir une ville o\u00f9 tout le monde peut s\u2019\u00e9panouir et o\u00f9 les personnes d\u2019horizons divers sont entendues, appr\u00e9ci\u00e9es et salu\u00e9es.&nbsp;<\/p>\n\n\n\n<p>Lorsqu&rsquo;elle ne travaille pas \u00e0 \u00eatre le changement qu&rsquo;elle veut voir dans le monde, Sang fait de la garde d&rsquo;enfants. Selon elle, il est facile de faire connaissance avec les habitants de l&rsquo;immeuble parce que l&rsquo;immeuble est petit.&nbsp;<\/p>\n\n\n\n<p>\u00ab C&rsquo;est comme si l&rsquo;immeuble \u00e9tait notre maison, et nous faisions tous partie d\u2019une sorte de famille\u00bb, dit-elle.&nbsp;<\/p>\n","protected":false},"excerpt":{"rendered":"<p>Sang habite \u00e0 la Place May Nickson depuis le d\u00e9but des ann\u00e9es 90. Elle aime la diversit\u00e9 de sa communaut\u00e9, qui compte des r\u00e9sidents venant du monde entier et de tous les \u00e2ges.&nbsp; \u00ab Il y a de jeunes familles, des a\u00een\u00e9s et tout ce qu&rsquo;il y a entre les deux \u00bb, explique Sang.&nbsp; Mais&#8230;<\/p>\n","protected":false},"author":7,"featured_media":16434,"comment_status":"closed","ping_status":"open","sticky":false,"template":"","format":"standard","meta":{"_acf_changed":false,"footnotes":""},"categories":[777,781],"tags":[],"class_list":["post-16435","post","type-post","status-publish","format-standard","has-post-thumbnail","hentry","category-trimestriel","category-rencontre-avec-un_e-locataire"],"acf":[],"_links":{"self":[{"href":"https:\/\/www.och-lco.ca\/fr\/wp-json\/wp\/v2\/posts\/16435","targetHints":{"allow":["GET"]}}],"collection":[{"href":"https:\/\/www.och-lco.ca\/fr\/wp-json\/wp\/v2\/posts"}],"about":[{"href":"https:\/\/www.och-lco.ca\/fr\/wp-json\/wp\/v2\/types\/post"}],"author":[{"embeddable":true,"href":"https:\/\/www.och-lco.ca\/fr\/wp-json\/wp\/v2\/users\/7"}],"replies":[{"embeddable":true,"href":"https:\/\/www.och-lco.ca\/fr\/wp-json\/wp\/v2\/comments?post=16435"}],"version-history":[{"count":0,"href":"https:\/\/www.och-lco.ca\/fr\/wp-json\/wp\/v2\/posts\/16435\/revisions"}],"wp:featuredmedia":[{"embeddable":true,"href":"https:\/\/www.och-lco.ca\/fr\/wp-json\/wp\/v2\/media\/16434"}],"wp:attachment":[{"href":"https:\/\/www.och-lco.ca\/fr\/wp-json\/wp\/v2\/media?parent=16435"}],"wp:term":[{"taxonomy":"category","embeddable":true,"href":"https:\/\/www.och-lco.ca\/fr\/wp-json\/wp\/v2\/categories?post=16435"},{"taxonomy":"post_tag","embeddable":true,"href":"https:\/\/www.och-lco.ca\/fr\/wp-json\/wp\/v2\/tags?post=16435"}],"curies":[{"name":"wp","href":"https:\/\/api.w.org\/{rel}","templated":true}]}}