{"id":16530,"date":"2024-03-28T15:42:40","date_gmt":"2024-03-28T19:42:40","guid":{"rendered":"https:\/\/www.och-lco.ca\/?p=16530"},"modified":"2024-06-27T10:13:35","modified_gmt":"2024-06-27T14:13:35","slug":"leurs-histoires-rencontrez-les-femmes-qui-travaillent-a-lco-une-serie-dentrevues-christine","status":"publish","type":"post","link":"https:\/\/www.och-lco.ca\/fr\/leurs-histoires-rencontrez-les-femmes-qui-travaillent-a-lco-une-serie-dentrevues-christine\/","title":{"rendered":"Leurs histoires\u00a0: Rencontrez les femmes qui travaillent \u00e0 LCO, une s\u00e9rie d\u2019entrevues \u2013 Christine"},"content":{"rendered":"\n<p>Christine Garnier a rejoint LCO en f\u00e9vrier 2020 comme gestionnaire de projet apr\u00e8s un voyage vers la d\u00e9couverte de soi.<\/p>\n\n\n\n<p>Dans le cadre de nos c\u00e9l\u00e9brations de la Journ\u00e9e internationale des femmes, nous avons choisi d\u2019interviewer Christine pour notre s\u00e9rie d\u2019entrevues sur les femmes qui travaillent \u00e0 LCO.<\/p>\n\n\n\n<p>\u00ab&nbsp;En ao\u00fbt 2017, la vie telle que je la connaissais a chang\u00e9, raconte Christine. Je venais de mettre un terme \u00e0 13&nbsp;ans de mariage, j\u2019avais d\u00fb vendre ma maison et au moment o\u00f9 j\u2019avais l\u2019impression d\u2019avoir atteint le fond du baril, les choses ont empir\u00e9. J\u2019ai perdu mon emploi quand la compagnie pour laquelle je travaillais a d\u00e9cid\u00e9 de r\u00e9duire ses effectifs. \u00c9tant donn\u00e9 que je n\u2019avais plus rien \u00e0 perdre, j\u2019ai accept\u00e9 un emploi \u00e0 Thunder Bay. J\u2019ai mis tout ce que je pouvais dans mon auto et j\u2019ai travers\u00e9 le Canada sur une distance de 2\u2009019&nbsp;kilom\u00e8tres avec mes deux chats.&nbsp;\u00bb<\/p>\n\n\n\n<p>Christine a ensuite travaill\u00e9 pendant un an et demi comme gestionnaire de projet dans plusieurs communaut\u00e9s des Premi\u00e8res Nations du Nord de l\u2019Ontario.&nbsp;<\/p>\n\n\n\n<p>\u00ab&nbsp;Cette exp\u00e9rience m\u2019a vraiment ouvert les yeux. Dans mon quotidien, je n\u2019avais jamais \u00e9t\u00e9 jusque l\u00e0 t\u00e9moin de l\u2019isolement et des conditions de vie de ces communaut\u00e9s&nbsp;\u00bb, indique Christine en ajoutant qu\u2019elle avait auparavant si\u00e9g\u00e9 au conseil d\u2019administration d\u2019Habitat pour l\u2019humanit\u00e9, pr\u00e9sid\u00e9 sa section locale de Centraide, et \u0153uvr\u00e9 comme b\u00e9n\u00e9vole dans un refuge local, mais que cette exp\u00e9rience allait lui donner une nouvelle vision du monde. &nbsp;<\/p>\n\n\n\n<p>\u00ab&nbsp;En fait, j\u2019ai eu la chance de na\u00eetre dans un milieu o\u00f9 j\u2019ai pu faire des choix, dit-elle. J\u2019en avais assez de travailler pour des entreprises qui enrichissent et font tourner la grosse machine. Je ne voulais pas \u00eatre un autre rouage du monde de l\u2019entreprise. J\u2019aspirais \u00e0 faire quelque chose qui compte.&nbsp;\u00bb<\/p>\n\n\n\n<p>En janvier 2020, j\u2019ai postul\u00e9 pour un poste \u00e0 LCO quand la vie a chang\u00e9 de nouveau.&nbsp;<\/p>\n\n\n\n<p>En f\u00e9vrier 2020, Christine a entrepris sa carri\u00e8re \u00e0 LCO comme gestionnaire de projet \u00e0 temps partiel au sein du groupe charg\u00e9 de la mise en \u0153uvre de projets. Six mois plus tard, elle devenait gestionnaire principale de l\u2019\u00e9quipe responsable des syst\u00e8mes de b\u00e2timents au sein du groupe en question. L\u2019ann\u00e9e suivante, elle a assum\u00e9 le r\u00f4le de directrice int\u00e9rimaire et en f\u00e9vrier 2024, elle s\u2019est vu offrir le poste permanent de vice-pr\u00e9sidente, Renouvellement des actifs et solutions num\u00e9riques.<\/p>\n\n\n\n<p>\u00ab&nbsp;LCO m\u2019a offert plusieurs possibilit\u00e9s de croissance et de perfectionnement par rapport \u00e0 mes aspirations professionnelles&nbsp;\u00bb, souligne-t-elle.&nbsp; &nbsp;<\/p>\n\n\n\n<p><strong>Pourquoi LCO?<\/strong><\/p>\n\n\n\n<p>\u00ab\u00a0La pauvret\u00e9 et d\u2019\u00e9normes changements de vie sont quelques-unes des circonstances avec lesquelles plusieurs des locataires de LCO sont confront\u00e9s au quotidien. J\u2019ai tir\u00e9 un num\u00e9ro chanceux, et j\u2019ai eu les ressources et la possibilit\u00e9 de reb\u00e2tir ma vie, raconte Christine.\u00a0\u00bb<\/p>\n\n\n\n<figure class=\"wp-block-pullquote\"><blockquote><p>\u00ab Je suis reconnaissante de travailler chaque jour dans un milieu o\u00f9 m\u00eame si j\u2019ai une journ\u00e9e tr\u00e8s difficile, je peux encore changer les choses en mieux pour une personne qui n\u2019a peut-\u00eatre pas eu les m\u00eames possibilit\u00e9s que celles auxquelles j\u2019ai eu droit.\u00a0\u00bb<\/p><\/blockquote><\/figure>\n\n\n\n<p><strong>Une journ\u00e9e de travail dans la vie de Christine<\/strong><\/p>\n\n\n\n<p>La seule chose typique dans ses journ\u00e9es de travail, c\u2019est qu\u2019aucune d\u2019entre elles ne se ressemble.<\/p>\n\n\n\n<p>\u00ab&nbsp;Il y a des jours, dit-elle, o\u00f9 je me sens comme une contr\u00f4leuse de la circulation a\u00e9rienne, d\u2019autres comme une gladiatrice, et d\u2019autres encore comme la m\u00e8re poule, l\u2019experte en r\u00e9solution de probl\u00e8mes, la conductrice d\u2019autobus, ou l\u2019\u00e9paule sur laquelle on peut s\u2019appuyer. Peu importe le r\u00f4le que j\u2019endosse, ce qui compte le plus pour moi est mon \u00e9quipe, et d\u2019\u00eatre l\u00e0 pour lui donner tout le soutien et les moyens dont elle a besoin pour exceller. J\u2019ai le meilleur emploi au monde, et j\u2019ai le bonheur de l\u2019exercer entour\u00e9e d\u2019un groupe de personnes remarquables.&nbsp;\u00bb<\/p>\n\n\n\n<p><strong>Ce que repr\u00e9sente la Journ\u00e9e internationale des femmes pour Christine<\/strong><\/p>\n\n\n\n<p>Selon Christine&nbsp;: \u00ab&nbsp;C\u2019est une journ\u00e9e pour r\u00e9fl\u00e9chir au chemin que nous avons parcouru dans la lutte pour l\u2019\u00e9galit\u00e9 des genres, nos droits en mati\u00e8re de procr\u00e9ation et l\u2019\u00e9limination de la violence \u00e0 l\u2019\u00e9gard des femmes. Je suis tr\u00e8s reconnaissante envers les femmes qui m\u2019ont ouvert la voie et m\u2019ont donn\u00e9 la possibilit\u00e9 de briser le plafond de verre et de continuer \u00e0 repousser ces limites.&nbsp;\u00bb<\/p>\n\n\n\n<p>Quand on l\u2019a interrog\u00e9e sur ce qu\u2019elle pr\u00e9f\u00e8re dans son r\u00f4le, voici ce que Christine a r\u00e9pondu :<\/p>\n\n\n\n<p>\u00ab&nbsp;Ce que j\u2019aime dans ce r\u00f4le, c\u2019est qu\u2019il n\u2019y a pas un jour qui se ressemble et qu\u2019il m\u2019offre des d\u00e9fis qui me tiennent en haleine&nbsp;\u00bb, dit-elle.<\/p>\n\n\n\n<p>Christine est toujours en train de se perfectionner et d\u2019apprendre. Ses fonctions l\u2019am\u00e8nent \u00e0 participer \u00e0 des initiatives innovatrices, \u00e0 mettre en \u0153uvre de nouvelles technologies, et \u00e0 r\u00e9parer et entretenir le parc d\u2019immeubles de LCO. Elle a m\u00eame plant\u00e9 des arbres avec nos partenaires. Pr\u00e9sentement, elle travaille \u00e0 la r\u00e9novation de l\u2019ensemble de nos bureaux.<\/p>\n\n\n\n<p>\u00ab&nbsp;Parfois, il y a un certain confort dans le chaos, dit Christine. J\u2019adore le fait de diriger et d\u2019encadrer un groupe de personnes de grand talent, et j\u2019esp\u00e8re contribuer \u00e0 changer leur vie en mieux en leur donnant la possibilit\u00e9 de se perfectionner et de s\u2019\u00e9panouir dans leur travail.&nbsp;\u00bb &nbsp;&nbsp;&nbsp;<\/p>\n\n\n\n<p><strong>Aper\u00e7u des d\u00e9fis li\u00e9s \u00e0 son travail<\/strong><\/p>\n\n\n\n<p>En raison de nos fonds limit\u00e9s, nous devons prioriser nos d\u00e9penses en immobilisations et nos besoins op\u00e9rationnels tout en cherchant \u00e0 rehausser la satisfaction des locataires.<\/p>\n\n\n\n<p>Christine est une conteuse n\u00e9e, a le rire facile et ne se prend pas trop au s\u00e9rieux. Nous lui avons demand\u00e9 de nous confier quelque chose par rapport \u00e0 elle-m\u00eame et voici ce qu\u2019elle nous a dit.<\/p>\n\n\n\n<p>\u00ab&nbsp;Je d\u00e9teste le Nutella. Je ne porte pas de chaussettes parce que j\u2019ai l\u2019impression de suffoquer quand j\u2019en ai aux pieds.&nbsp;\u00bb<\/p>\n\n\n\n<p>Elle a \u00e9galement ajout\u00e9 que quand elle envie de prendre soin d\u2019elle-m\u00eame, elle se fait faire un nouveau tatouage.<\/p>\n","protected":false},"excerpt":{"rendered":"<p>Christine Garnier a rejoint LCO en f\u00e9vrier 2020 comme gestionnaire de projet apr\u00e8s un voyage vers la d\u00e9couverte de soi. Dans le cadre de nos c\u00e9l\u00e9brations de la Journ\u00e9e internationale des femmes, nous avons choisi d\u2019interviewer Christine pour notre s\u00e9rie d\u2019entrevues sur les femmes qui travaillent \u00e0 LCO. \u00ab&nbsp;En ao\u00fbt 2017, la vie telle que&#8230;<\/p>\n","protected":false},"author":7,"featured_media":16531,"comment_status":"closed","ping_status":"open","sticky":false,"template":"","format":"standard","meta":{"_acf_changed":false,"footnotes":""},"categories":[800,777],"tags":[],"class_list":["post-16530","post","type-post","status-publish","format-standard","has-post-thumbnail","hentry","category-coin-des-employes","category-trimestriel"],"acf":[],"_links":{"self":[{"href":"https:\/\/www.och-lco.ca\/fr\/wp-json\/wp\/v2\/posts\/16530","targetHints":{"allow":["GET"]}}],"collection":[{"href":"https:\/\/www.och-lco.ca\/fr\/wp-json\/wp\/v2\/posts"}],"about":[{"href":"https:\/\/www.och-lco.ca\/fr\/wp-json\/wp\/v2\/types\/post"}],"author":[{"embeddable":true,"href":"https:\/\/www.och-lco.ca\/fr\/wp-json\/wp\/v2\/users\/7"}],"replies":[{"embeddable":true,"href":"https:\/\/www.och-lco.ca\/fr\/wp-json\/wp\/v2\/comments?post=16530"}],"version-history":[{"count":0,"href":"https:\/\/www.och-lco.ca\/fr\/wp-json\/wp\/v2\/posts\/16530\/revisions"}],"wp:featuredmedia":[{"embeddable":true,"href":"https:\/\/www.och-lco.ca\/fr\/wp-json\/wp\/v2\/media\/16531"}],"wp:attachment":[{"href":"https:\/\/www.och-lco.ca\/fr\/wp-json\/wp\/v2\/media?parent=16530"}],"wp:term":[{"taxonomy":"category","embeddable":true,"href":"https:\/\/www.och-lco.ca\/fr\/wp-json\/wp\/v2\/categories?post=16530"},{"taxonomy":"post_tag","embeddable":true,"href":"https:\/\/www.och-lco.ca\/fr\/wp-json\/wp\/v2\/tags?post=16530"}],"curies":[{"name":"wp","href":"https:\/\/api.w.org\/{rel}","templated":true}]}}