{"id":16807,"date":"2024-05-24T14:35:51","date_gmt":"2024-05-24T18:35:51","guid":{"rendered":"https:\/\/www.och-lco.ca\/?p=16807"},"modified":"2024-05-28T14:22:18","modified_gmt":"2024-05-28T18:22:18","slug":"aidez-nous-a-faconner-lavenir-de-lco-en-rejoignant-le-comite-des-services-a-la-clientele-des-aujourdhui","status":"publish","type":"post","link":"https:\/\/www.och-lco.ca\/fr\/aidez-nous-a-faconner-lavenir-de-lco-en-rejoignant-le-comite-des-services-a-la-clientele-des-aujourdhui\/","title":{"rendered":"Aidez-nous \u00e0 fa\u00e7onner l\u2019avenir de LCO en rejoignant le Comit\u00e9 des services \u00e0 la client\u00e8le d\u00e8s aujourd\u2019hui\u00a0\u00a0"},"content":{"rendered":"\n<p>Cherchez-vous une fa\u00e7on de participer au devenir de LCO? En voici l\u2019occasion! C\u2019est avec enthousiasme que LCO vous annonce l\u2019ouverture d\u2019un si\u00e8ge au sein de notre Comit\u00e9 des services \u00e0 la client\u00e8le et nous comptons sur VOUS pour vous impliquer.&nbsp;&nbsp;<\/p>\n\n\n\n<p><strong>Pourquoi faire partie du Comit\u00e9?&nbsp;<\/strong>&nbsp;<\/p>\n\n\n\n<p>Pour influencer le devenir de nos communaut\u00e9s : votre avis nous int\u00e9resse. En tant que membre du Comit\u00e9 des services \u00e0 la client\u00e8le, vous nous aiderez \u00e0 prendre des d\u00e9cisions sur des questions qui ont des r\u00e9percussions directes sur les logements et les communaut\u00e9s de LCO.&nbsp;&nbsp;<\/p>\n\n\n\n<p>Pour vous faire entendre : votre voix compte. En faisant part de vos exp\u00e9riences et id\u00e9es, vous faites en sorte que les besoins des communaut\u00e9s demeurent toujours \u00e0 l\u2019avant et au c\u0153ur des pr\u00e9occupations de LCO.&nbsp;&nbsp;<\/p>\n\n\n\n<p>Pour vous impliquer : tout repose sur votre participation. Assistez aux r\u00e9unions et contribuez aux projets pour jouer un r\u00f4le actif dans le devenir de votre communaut\u00e9.&nbsp;&nbsp;<\/p>\n\n\n\n<p><strong>Que fait au juste le Comit\u00e9 des services \u00e0 la client\u00e8le?&nbsp;<\/strong>&nbsp;<\/p>\n\n\n\n<p>Le Comit\u00e9 des services \u00e0 la client\u00e8le oriente le Conseil d\u2019administration en ce qui a trait \u00e0 une exp\u00e9rience locataire de qualit\u00e9, renforce les niveaux d\u2019engagement des locataires (sur le plan individuel et des communaut\u00e9s) et aide \u00e0 b\u00e2tir des communaut\u00e9s plus saines et s\u00e9curitaires.&nbsp;&nbsp;<\/p>\n\n\n\n<p><strong>Posez votre candidature.&nbsp;<\/strong>&nbsp;<\/p>\n\n\n\n<p>Vous voulez changer les choses en mieux? Posez votre candidature aujourd\u2019hui pour faire partie du Comit\u00e9 des services \u00e0 la client\u00e8le.&nbsp;&nbsp;<\/p>\n\n\n\n<p>Pour en savoir plus et poser votre candidature, visitez la page <a href=\"https:\/\/bit.ly\/3WW4WKC\">https:\/\/bit.ly\/3WW4WKC<\/a> \u00a0<\/p>\n\n\n\n<p><strong>Votre voix compte.&nbsp;<\/strong>&nbsp;<\/p>\n\n\n\n<p>Votre participation au Comit\u00e9 des services \u00e0 la client\u00e8le est essentielle pour aider \u00e0 fa\u00e7onner le devenir de LCO. Travaillons ensemble pour b\u00e2tir des communaut\u00e9s plus solidaires et plus vibrantes.&nbsp;&nbsp;<\/p>\n\n\n\n<p>Merci de prendre en compte cette opportunit\u00e9 majeure. Nous avons h\u00e2te de vous accueillir au sein du Comit\u00e9 des services \u00e0 la client\u00e8le.&nbsp;<\/p>\n","protected":false},"excerpt":{"rendered":"<p>Cherchez-vous une fa\u00e7on de participer au devenir de LCO? En voici l\u2019occasion! C\u2019est avec enthousiasme que LCO vous annonce l\u2019ouverture d\u2019un si\u00e8ge au sein de notre Comit\u00e9 des services \u00e0 la client\u00e8le et nous comptons sur VOUS pour vous impliquer.&nbsp;&nbsp; Pourquoi faire partie du Comit\u00e9?&nbsp;&nbsp; Pour influencer le devenir de nos communaut\u00e9s : votre avis&#8230;<\/p>\n","protected":false},"author":7,"featured_media":16808,"comment_status":"closed","ping_status":"open","sticky":false,"template":"","format":"standard","meta":{"_acf_changed":false,"footnotes":""},"categories":[797,777],"tags":[],"class_list":["post-16807","post","type-post","status-publish","format-standard","has-post-thumbnail","hentry","category-babillard-communautaire","category-trimestriel"],"acf":[],"_links":{"self":[{"href":"https:\/\/www.och-lco.ca\/fr\/wp-json\/wp\/v2\/posts\/16807","targetHints":{"allow":["GET"]}}],"collection":[{"href":"https:\/\/www.och-lco.ca\/fr\/wp-json\/wp\/v2\/posts"}],"about":[{"href":"https:\/\/www.och-lco.ca\/fr\/wp-json\/wp\/v2\/types\/post"}],"author":[{"embeddable":true,"href":"https:\/\/www.och-lco.ca\/fr\/wp-json\/wp\/v2\/users\/7"}],"replies":[{"embeddable":true,"href":"https:\/\/www.och-lco.ca\/fr\/wp-json\/wp\/v2\/comments?post=16807"}],"version-history":[{"count":0,"href":"https:\/\/www.och-lco.ca\/fr\/wp-json\/wp\/v2\/posts\/16807\/revisions"}],"wp:featuredmedia":[{"embeddable":true,"href":"https:\/\/www.och-lco.ca\/fr\/wp-json\/wp\/v2\/media\/16808"}],"wp:attachment":[{"href":"https:\/\/www.och-lco.ca\/fr\/wp-json\/wp\/v2\/media?parent=16807"}],"wp:term":[{"taxonomy":"category","embeddable":true,"href":"https:\/\/www.och-lco.ca\/fr\/wp-json\/wp\/v2\/categories?post=16807"},{"taxonomy":"post_tag","embeddable":true,"href":"https:\/\/www.och-lco.ca\/fr\/wp-json\/wp\/v2\/tags?post=16807"}],"curies":[{"name":"wp","href":"https:\/\/api.w.org\/{rel}","templated":true}]}}