{"id":17294,"date":"2024-09-10T15:08:33","date_gmt":"2024-09-10T19:08:33","guid":{"rendered":"https:\/\/www.och-lco.ca\/?p=17294"},"modified":"2024-09-10T15:12:25","modified_gmt":"2024-09-10T19:12:25","slug":"rencontre-avec-un-partneraire-une-nouvelle-peinture-murale-donne-de-la-couleur-au-beton-du-centre-ville","status":"publish","type":"post","link":"https:\/\/www.och-lco.ca\/fr\/rencontre-avec-un-partneraire-une-nouvelle-peinture-murale-donne-de-la-couleur-au-beton-du-centre-ville\/","title":{"rendered":"Rencontre avec un partneraire : une nouvelle peinture murale donne de la couleur au b\u00e9ton du centre-ville\u00a0"},"content":{"rendered":"\n<p>Une nouvelle murale vibrante, cr\u00e9\u00e9e par l\u2019artiste Dan&nbsp;Marteloc en collaboration avec 11&nbsp;jeunes d\u2019<a href=\"https:\/\/www.operationcomehome.ca\/\" target=\"_blank\" rel=\"noreferrer noopener\">Op\u00e9ration rentrer au foyer<\/a>, la communaut\u00e9 de Logement communautaire d\u2019Ottawa (LCO) \u00e0 la place&nbsp;Marion-Dewar et l\u2019Abri d\u2019urgence pour jeunes hommes du <a href=\"https:\/\/www.ysb.ca\/services\/community-and-housing-services\/housing-and-shelter\/young-mens-shelters\/\" target=\"_blank\" rel=\"noreferrer noopener\">Bureau des services \u00e0 la jeunesse<\/a>, a \u00e9t\u00e9 d\u00e9voil\u00e9e le 10&nbsp;septembre.&nbsp;<\/p>\n\n\n\n<p>\u00ab&nbsp;Gr\u00e2ce aux peintures murales, LCO mobilise les locataires dans le cadre de conversations pertinentes portant sur leur communaut\u00e9 et embellit du m\u00eame coup le paysage urbain. Nous sommes tr\u00e8s reconnaissants \u00e0 l\u2019endroit de nos partenaires qui ont soutenu ce projet et nous sommes heureux d\u2019ajouter cette \u0153uvre d\u2019art \u00e0 notre portefeuille&nbsp;\u00bb, a mentionn\u00e9 St\u00e9phane&nbsp;Gigu\u00e8re, directeur g\u00e9n\u00e9ral de LCO.&nbsp;<\/p>\n\n\n\n<p>La Ville d\u2019Ottawa a financ\u00e9 la murale et le <a href=\"https:\/\/www.centretownchc.org\/\" target=\"_blank\" rel=\"noreferrer noopener\">Centre de sant\u00e9 communautaire du Centre-ville<\/a> a dirig\u00e9 le projet.&nbsp;<\/p>\n\n\n\n<p>La place&nbsp;Marion-Dewar abrite 181&nbsp;locataires qui ont donn\u00e9 leur avis sur l\u2019aspect de la fresque. L\u2019artiste a organis\u00e9 des r\u00e9unions communautaires et deux versions du projet ont \u00e9t\u00e9 affich\u00e9es dans la buanderie, afin que chacun puisse s\u2019exprimer.&nbsp;<\/p>\n\n\n\n<p><strong>\u00c0 propos de l\u2019artiste <\/strong>&nbsp;<\/p>\n\n\n\n<p>Daniel&nbsp;Martelock est un artiste d\u2019Ottawa qui se concentre sur les styles graphiques illustratifs d\u2019oiseaux excentriques, d\u2019animaux sauvages, de nichoirs et d\u2019arri\u00e8re-plans amusants et color\u00e9s que l\u2019on peut trouver dans toute la r\u00e9gion d\u2019Ottawa. &nbsp;<\/p>\n\n\n\n<p>Il aime utiliser des mat\u00e9riaux mis au rebut afin de leur redonner un sens.&nbsp;<\/p>\n\n\n\n<p>Le saviez-vous? LCO abrite plus de 30&nbsp;peintures murales. Logement communautaire d\u2019Ottawa s\u2019engage \u00e0 cr\u00e9er des communaut\u00e9s saines, s\u00fbres et inclusives, que les locataires peuvent \u00eatre fiers d\u2019appeler leur foyer. Les murales sur les \u00e9difices de la LCO mettent en valeur les communaut\u00e9s et repr\u00e9sentent leur esprit gr\u00e2ce \u00e0 l\u2019art.&nbsp;<\/p>\n\n\n\n<div class=\"wp-block-columns is-layout-flex wp-container-core-columns-is-layout-28f84493 wp-block-columns-is-layout-flex\">\n<div class=\"wp-block-column is-layout-flow wp-block-column-is-layout-flow\">\n<figure class=\"wp-block-image size-large\"><img loading=\"lazy\" decoding=\"async\" width=\"1024\" height=\"768\" src=\"https:\/\/www.och-lco.ca\/wp-content\/uploads\/2024\/09\/painting-1-1024x768.jpg\" alt=\"\" class=\"wp-image-17295\" srcset=\"https:\/\/www.och-lco.ca\/wp-content\/uploads\/2024\/09\/painting-1-1024x768.jpg 1024w, https:\/\/www.och-lco.ca\/wp-content\/uploads\/2024\/09\/painting-1-300x225.jpg 300w, https:\/\/www.och-lco.ca\/wp-content\/uploads\/2024\/09\/painting-1-768x576.jpg 768w, https:\/\/www.och-lco.ca\/wp-content\/uploads\/2024\/09\/painting-1-1536x1152.jpg 1536w, https:\/\/www.och-lco.ca\/wp-content\/uploads\/2024\/09\/painting-1-2048x1536.jpg 2048w, https:\/\/www.och-lco.ca\/wp-content\/uploads\/2024\/09\/painting-1-1920x1440.jpg 1920w\" sizes=\"auto, (max-width: 1024px) 100vw, 1024px\" \/><\/figure>\n<\/div>\n\n\n\n<div class=\"wp-block-column is-layout-flow wp-block-column-is-layout-flow\">\n<figure class=\"wp-block-image size-large\"><img loading=\"lazy\" decoding=\"async\" width=\"1024\" height=\"768\" src=\"https:\/\/www.och-lco.ca\/wp-content\/uploads\/2024\/09\/Second-painting-1-1024x768.jpg\" alt=\"\" class=\"wp-image-17297\" srcset=\"https:\/\/www.och-lco.ca\/wp-content\/uploads\/2024\/09\/Second-painting-1-1024x768.jpg 1024w, https:\/\/www.och-lco.ca\/wp-content\/uploads\/2024\/09\/Second-painting-1-300x225.jpg 300w, https:\/\/www.och-lco.ca\/wp-content\/uploads\/2024\/09\/Second-painting-1-768x576.jpg 768w, https:\/\/www.och-lco.ca\/wp-content\/uploads\/2024\/09\/Second-painting-1-1536x1152.jpg 1536w, https:\/\/www.och-lco.ca\/wp-content\/uploads\/2024\/09\/Second-painting-1-2048x1536.jpg 2048w, https:\/\/www.och-lco.ca\/wp-content\/uploads\/2024\/09\/Second-painting-1-1920x1440.jpg 1920w\" sizes=\"auto, (max-width: 1024px) 100vw, 1024px\" \/><\/figure>\n<\/div>\n<\/div>\n","protected":false},"excerpt":{"rendered":"<p>Une nouvelle murale vibrante, cr\u00e9\u00e9e par l\u2019artiste Dan&nbsp;Marteloc en collaboration avec 11&nbsp;jeunes d\u2019Op\u00e9ration rentrer au foyer, la communaut\u00e9 de Logement communautaire d\u2019Ottawa (LCO) \u00e0 la place&nbsp;Marion-Dewar et l\u2019Abri d\u2019urgence pour jeunes hommes du Bureau des services \u00e0 la jeunesse, a \u00e9t\u00e9 d\u00e9voil\u00e9e le 10&nbsp;septembre.&nbsp; \u00ab&nbsp;Gr\u00e2ce aux peintures murales, LCO mobilise les locataires dans le cadre&#8230;<\/p>\n","protected":false},"author":7,"featured_media":17288,"comment_status":"closed","ping_status":"open","sticky":false,"template":"","format":"standard","meta":{"_acf_changed":false,"footnotes":""},"categories":[777,810],"tags":[],"class_list":["post-17294","post","type-post","status-publish","format-standard","has-post-thumbnail","hentry","category-trimestriel","category-rencontre-avec-un-partneraire"],"acf":[],"_links":{"self":[{"href":"https:\/\/www.och-lco.ca\/fr\/wp-json\/wp\/v2\/posts\/17294","targetHints":{"allow":["GET"]}}],"collection":[{"href":"https:\/\/www.och-lco.ca\/fr\/wp-json\/wp\/v2\/posts"}],"about":[{"href":"https:\/\/www.och-lco.ca\/fr\/wp-json\/wp\/v2\/types\/post"}],"author":[{"embeddable":true,"href":"https:\/\/www.och-lco.ca\/fr\/wp-json\/wp\/v2\/users\/7"}],"replies":[{"embeddable":true,"href":"https:\/\/www.och-lco.ca\/fr\/wp-json\/wp\/v2\/comments?post=17294"}],"version-history":[{"count":0,"href":"https:\/\/www.och-lco.ca\/fr\/wp-json\/wp\/v2\/posts\/17294\/revisions"}],"wp:featuredmedia":[{"embeddable":true,"href":"https:\/\/www.och-lco.ca\/fr\/wp-json\/wp\/v2\/media\/17288"}],"wp:attachment":[{"href":"https:\/\/www.och-lco.ca\/fr\/wp-json\/wp\/v2\/media?parent=17294"}],"wp:term":[{"taxonomy":"category","embeddable":true,"href":"https:\/\/www.och-lco.ca\/fr\/wp-json\/wp\/v2\/categories?post=17294"},{"taxonomy":"post_tag","embeddable":true,"href":"https:\/\/www.och-lco.ca\/fr\/wp-json\/wp\/v2\/tags?post=17294"}],"curies":[{"name":"wp","href":"https:\/\/api.w.org\/{rel}","templated":true}]}}