{"id":17402,"date":"2024-10-03T12:45:17","date_gmt":"2024-10-03T16:45:17","guid":{"rendered":"https:\/\/www.och-lco.ca\/?p=17402"},"modified":"2024-10-09T09:27:07","modified_gmt":"2024-10-09T13:27:07","slug":"joindre-le-geste-a-la-parole-une-locataire-doverbrook-partage-ses-lecons-de-creativite-avec-le-personnel-de-lco","status":"publish","type":"post","link":"https:\/\/www.och-lco.ca\/fr\/joindre-le-geste-a-la-parole-une-locataire-doverbrook-partage-ses-lecons-de-creativite-avec-le-personnel-de-lco\/","title":{"rendered":"Joindre le geste \u00e0 la parole\u00a0: Une locataire d\u2019Overbrook partage ses le\u00e7ons de cr\u00e9ativit\u00e9 avec le personnel de LCO\u00a0"},"content":{"rendered":"\n<p>Le 25&nbsp;septembre, Raven&nbsp;Brightmoon a aid\u00e9 un groupe d\u2019employ\u00e9s de LCO \u00e0 trouver leur \u00e9quilibre et \u00e0 en apprendre un peu plus sur la culture autochtone. &nbsp;<\/p>\n\n\n\n<p>Raven appartient au clan du loup des Ab\u00e9naquis. Elle ne connaissait pas la v\u00e9ritable nature de ses racines jusqu\u2019\u00e0 ce que sa grand-m\u00e8re le lui apprenne en 2002. Sa grand-m\u00e8re a \u00e9t\u00e9 enlev\u00e9e par une famille blanche dont la fille est morte lorsqu\u2019elle avait quatre&nbsp;ans. &nbsp;<\/p>\n\n\n\n<p>Ils ont vol\u00e9 l\u2019identit\u00e9 de sa grand-m\u00e8re et de sa famille. Raven a d\u00e9clar\u00e9 qu\u2019elle avait \u00ab&nbsp;commenc\u00e9 \u00e0 suivre le sentier rouge&nbsp;\u00bb en 1994 parce qu\u2019elle savait qu\u2019elle avait des racines autochtones au plus profond d\u2019elle-m\u00eame. &nbsp;<\/p>\n\n\n\n<p><strong>Une journ\u00e9e d\u2019art et d\u2019apprentissage<\/strong>&nbsp;<\/p>\n\n\n\n<p>L\u2019atelier avec le personnel de LCO comprenait une c\u00e9r\u00e9monie de purification et la cr\u00e9ation d\u2019une roue de m\u00e9decine murale&nbsp;\u2013 en utilisant de la peinture et des objets trouv\u00e9s dans la nature. &nbsp;<\/p>\n\n\n\n<p>La peinture murale repr\u00e9sentait les quatre parties du cercle &#8211; au nord, le bison blanc d&rsquo;hiver, \u00e0 l&rsquo;ouest, l&rsquo;ours noir d&rsquo;automne, au sud, le coyote rouge pour le sud et \u00e0 l&rsquo;est, l&rsquo;aigle du printemps pour l&rsquo;ouest. Au c\u0153ur de la roue se trouve la tortue, qui fait partie\u00a0de l\u2019histoire de l\u2019origine. La peinture murale sera install\u00e9e au bureau de Chapel une fois les r\u00e9novations termin\u00e9es. \u00a0<\/p>\n\n\n\n<figure class=\"wp-block-pullquote\"><blockquote><p>\u00ab&nbsp;J\u2019ai ressenti une grande \u00e9nergie apaisante&nbsp;\u00bb, a d\u00e9clar\u00e9 Raven. \u00ab&nbsp;Les gens s\u2019amusaient, prenaient leur pinceau et s\u2019en inspiraient.&nbsp;\u00bb &nbsp;<\/p><\/blockquote><\/figure>\n\n\n\n<p>Raven, qui habite maintenant \u00e0 Overbrook, vit dans les communaut\u00e9s de LCO depuis 1999. Peu importe l\u2019endroit o\u00f9 elle vit, elle s\u2019int\u00e8gre directement dans sa communaut\u00e9 et noue des liens avec les autres r\u00e9sidents. Elle a expliqu\u00e9 que pendant la panne d\u2019\u00e9lectricit\u00e9 \u00e0 Overbrook, qui a dur\u00e9 10&nbsp;jours pendant le derecho, elle a fait cuire toute la nourriture contenue dans son cong\u00e9lateur et a livr\u00e9 des repas \u00e0 ses voisins. &nbsp;<\/p>\n\n\n\n<p>Lorsqu\u2019elle habitait la communaut\u00e9 de Caldwell, elle a cr\u00e9\u00e9 conjointement le groupe de femmes \u00ab&nbsp;Rainbow Weavers&nbsp;\u00bb au centre communautaire de Carlington pendant 20&nbsp;ans. Elle est coresponsable de l\u2019initiative \u00ab&nbsp;Creative Path&nbsp;\u00bb, qui cr\u00e9e un espace pour les artistes et leur fournit gratuitement le mat\u00e9riel n\u00e9cessaire pour exploiter leur talent. &nbsp;<\/p>\n\n\n\n<p>\u00ab&nbsp;Un artiste qui ne peut pas cr\u00e9er devient fou&nbsp;\u00bb, dit Raven. \u00ab&nbsp;Il est important d\u2019avoir acc\u00e8s \u00e0 un exutoire cr\u00e9atif.&nbsp;\u00bb &nbsp;<\/p>\n\n\n\n<p><strong>Pourquoi organiser l\u2019atelier?<\/strong> &nbsp;<\/p>\n\n\n\n<p>Dans le cadre de son objectif de mieux refl\u00e9ter la diversit\u00e9 de ses communaut\u00e9s, le LCO a cr\u00e9\u00e9 un plan de diversit\u00e9, d\u2019\u00e9quit\u00e9 et d\u2019inclusion afin d\u2019apporter des changements significatifs. Cet atelier s\u2019inscrivait dans le cadre des efforts d\u00e9ploy\u00e9s par les groupes de ressources pour les employ\u00e9s autochtones, noirs et de couleur afin de souligner la Journ\u00e9e nationale de la v\u00e9rit\u00e9 et de la r\u00e9conciliation. &nbsp;<\/p>\n\n\n\n<p>Raven a d\u00e9clar\u00e9 que l\u2019entraide et le respect mutuel sont importants pour la communaut\u00e9. Elle a ajout\u00e9 qu\u2019elle souhaite poursuivre la conversation sur les questions autochtones. &nbsp;<\/p>\n\n\n\n<div class=\"wp-block-columns is-layout-flex wp-container-core-columns-is-layout-28f84493 wp-block-columns-is-layout-flex\">\n<div class=\"wp-block-column is-layout-flow wp-block-column-is-layout-flow\">\n<figure class=\"wp-block-image size-large\"><img loading=\"lazy\" decoding=\"async\" width=\"768\" height=\"1024\" src=\"https:\/\/www.och-lco.ca\/wp-content\/uploads\/2024\/10\/Media-2024-09-26T103027.225-1-768x1024.jpeg\" alt=\"\" class=\"wp-image-17403\" srcset=\"https:\/\/www.och-lco.ca\/wp-content\/uploads\/2024\/10\/Media-2024-09-26T103027.225-1-768x1024.jpeg 768w, https:\/\/www.och-lco.ca\/wp-content\/uploads\/2024\/10\/Media-2024-09-26T103027.225-1-225x300.jpeg 225w, https:\/\/www.och-lco.ca\/wp-content\/uploads\/2024\/10\/Media-2024-09-26T103027.225-1-1152x1536.jpeg 1152w, https:\/\/www.och-lco.ca\/wp-content\/uploads\/2024\/10\/Media-2024-09-26T103027.225-1.jpeg 1500w\" sizes=\"auto, (max-width: 768px) 100vw, 768px\" \/><\/figure>\n<\/div>\n\n\n\n<div class=\"wp-block-column is-layout-flow wp-block-column-is-layout-flow\">\n<figure class=\"wp-block-image size-large\"><img loading=\"lazy\" decoding=\"async\" width=\"768\" height=\"1024\" src=\"https:\/\/www.och-lco.ca\/wp-content\/uploads\/2024\/10\/Media-2024-09-26T155221.439-1-768x1024.jpeg\" alt=\"\" class=\"wp-image-17405\" srcset=\"https:\/\/www.och-lco.ca\/wp-content\/uploads\/2024\/10\/Media-2024-09-26T155221.439-1-768x1024.jpeg 768w, https:\/\/www.och-lco.ca\/wp-content\/uploads\/2024\/10\/Media-2024-09-26T155221.439-1-225x300.jpeg 225w, https:\/\/www.och-lco.ca\/wp-content\/uploads\/2024\/10\/Media-2024-09-26T155221.439-1-1152x1536.jpeg 1152w, https:\/\/www.och-lco.ca\/wp-content\/uploads\/2024\/10\/Media-2024-09-26T155221.439-1.jpeg 1500w\" sizes=\"auto, (max-width: 768px) 100vw, 768px\" \/><\/figure>\n<\/div>\n\n\n\n<div class=\"wp-block-column is-layout-flow wp-block-column-is-layout-flow\">\n<figure class=\"wp-block-image size-large\"><img loading=\"lazy\" decoding=\"async\" width=\"1024\" height=\"768\" src=\"https:\/\/www.och-lco.ca\/wp-content\/uploads\/2024\/10\/whole-mural-1024x768.jpg\" alt=\"\" class=\"wp-image-17401\" srcset=\"https:\/\/www.och-lco.ca\/wp-content\/uploads\/2024\/10\/whole-mural-1024x768.jpg 1024w, https:\/\/www.och-lco.ca\/wp-content\/uploads\/2024\/10\/whole-mural-300x225.jpg 300w, https:\/\/www.och-lco.ca\/wp-content\/uploads\/2024\/10\/whole-mural-768x576.jpg 768w, https:\/\/www.och-lco.ca\/wp-content\/uploads\/2024\/10\/whole-mural-1536x1152.jpg 1536w, https:\/\/www.och-lco.ca\/wp-content\/uploads\/2024\/10\/whole-mural-2048x1536.jpg 2048w, https:\/\/www.och-lco.ca\/wp-content\/uploads\/2024\/10\/whole-mural-1920x1440.jpg 1920w\" sizes=\"auto, (max-width: 1024px) 100vw, 1024px\" \/><\/figure>\n<\/div>\n<\/div>\n","protected":false},"excerpt":{"rendered":"<p>Le 25&nbsp;septembre, Raven&nbsp;Brightmoon a aid\u00e9 un groupe d\u2019employ\u00e9s de LCO \u00e0 trouver leur \u00e9quilibre et \u00e0 en apprendre un peu plus sur la culture autochtone. &nbsp; Raven appartient au clan du loup des Ab\u00e9naquis. Elle ne connaissait pas la v\u00e9ritable nature de ses racines jusqu\u2019\u00e0 ce que sa grand-m\u00e8re le lui apprenne en 2002. Sa&#8230;<\/p>\n","protected":false},"author":7,"featured_media":17395,"comment_status":"closed","ping_status":"open","sticky":false,"template":"","format":"standard","meta":{"_acf_changed":false,"footnotes":""},"categories":[777,810],"tags":[],"class_list":["post-17402","post","type-post","status-publish","format-standard","has-post-thumbnail","hentry","category-trimestriel","category-rencontre-avec-un-partneraire"],"acf":[],"_links":{"self":[{"href":"https:\/\/www.och-lco.ca\/fr\/wp-json\/wp\/v2\/posts\/17402","targetHints":{"allow":["GET"]}}],"collection":[{"href":"https:\/\/www.och-lco.ca\/fr\/wp-json\/wp\/v2\/posts"}],"about":[{"href":"https:\/\/www.och-lco.ca\/fr\/wp-json\/wp\/v2\/types\/post"}],"author":[{"embeddable":true,"href":"https:\/\/www.och-lco.ca\/fr\/wp-json\/wp\/v2\/users\/7"}],"replies":[{"embeddable":true,"href":"https:\/\/www.och-lco.ca\/fr\/wp-json\/wp\/v2\/comments?post=17402"}],"version-history":[{"count":0,"href":"https:\/\/www.och-lco.ca\/fr\/wp-json\/wp\/v2\/posts\/17402\/revisions"}],"wp:featuredmedia":[{"embeddable":true,"href":"https:\/\/www.och-lco.ca\/fr\/wp-json\/wp\/v2\/media\/17395"}],"wp:attachment":[{"href":"https:\/\/www.och-lco.ca\/fr\/wp-json\/wp\/v2\/media?parent=17402"}],"wp:term":[{"taxonomy":"category","embeddable":true,"href":"https:\/\/www.och-lco.ca\/fr\/wp-json\/wp\/v2\/categories?post=17402"},{"taxonomy":"post_tag","embeddable":true,"href":"https:\/\/www.och-lco.ca\/fr\/wp-json\/wp\/v2\/tags?post=17402"}],"curies":[{"name":"wp","href":"https:\/\/api.w.org\/{rel}","templated":true}]}}