{"id":17480,"date":"2024-10-21T12:46:27","date_gmt":"2024-10-21T16:46:27","guid":{"rendered":"https:\/\/www.och-lco.ca\/?p=17480"},"modified":"2024-10-21T16:26:49","modified_gmt":"2024-10-21T20:26:49","slug":"avis-aux-medias-le-partenariat-toutes-petites-forets-setend-a-deux-nouvelles-communautes-de-logement-communautaire-dottawa-lco","status":"publish","type":"post","link":"https:\/\/www.och-lco.ca\/fr\/avis-aux-medias-le-partenariat-toutes-petites-forets-setend-a-deux-nouvelles-communautes-de-logement-communautaire-dottawa-lco\/","title":{"rendered":"Avis aux m\u00e9dias\u00a0: Le partenariat \u00ab\u00a0Toutes petites for\u00eats\u00a0\u00bb s\u2019\u00e9tend \u00e0 deux nouvelles communaut\u00e9s de La Soci\u00e9t\u00e9 de logement communautaire d\u2019Ottawa (LCO)"},"content":{"rendered":"\n<p><strong>Les 23 et 25&nbsp;octobre \u2013&nbsp;Ottawa (Ontario)&nbsp;\u2013 <\/strong>Un partenariat avec La Soci\u00e9t\u00e9 de logement communautaire d\u2019Ottawa (LCO), <a href=\"https:\/\/www.envirocentre.ca\/fr\/\" target=\"_blank\" rel=\"noreferrer noopener\">EnviroCentre<\/a> et <a href=\"https:\/\/www.ecologieottawa.cahttps\/www.centretownchc.org\" target=\"_blank\" rel=\"noreferrer noopener\">For\u00eat Capitale Forest <\/a>a permis de planter des graines dans deux autres communaut\u00e9s. &nbsp;<\/p>\n\n\n\n<p>Qu\u2019est-ce qui rend une \u00ab&nbsp;toute petite for\u00eat&nbsp;\u00bb unique? Il s\u2019agit d\u2019un type particulier de for\u00eat con\u00e7u afin de prosp\u00e9rer dans les petits espaces urbains. Regorgeant d\u2019arbres, d\u2019arbustes et de fleurs sauvages indig\u00e8nes, ces for\u00eats repr\u00e9sentent un v\u00e9ritable moteur de croissance. La terre dans laquelle elles poussent est soigneusement am\u00e9nag\u00e9e pour imiter le sol forestier mature que l\u2019on aurait trouv\u00e9 dans cette r\u00e9gion il y a longtemps. &nbsp;<\/p>\n\n\n\n<p>Ces toutes petites for\u00eats fonctionnent comme par magie :  elles fournissent de l\u2019ombre, r\u00e9duisent la chaleur, att\u00e9nuent le bruit, filtrent l\u2019eau de pluie et stimulent la biodiversit\u00e9 d\u2019Ottawa. Mais elles ne sont pas seulement fonctionnelles\u00a0: elles offrent \u00e9galement un lieu serein pour se d\u00e9tendre, profiter de la nature et socialiser avec d\u2019autres membres de la communaut\u00e9. \u00a0<\/p>\n\n\n\n<p>Avant la pose de la terre, les locataires ont \u00e9t\u00e9 activement impliqu\u00e9s dans le processus d\u00e9cisionnel, apportant leur pr\u00e9cieuse contribution sur l\u2019emplacement des for\u00eats et des plantes. Cette approche collaborative garantit que les toutes petites for\u00eats ne sont pas seulement une partie&nbsp;de la communaut\u00e9, mais qu\u2019elles en sont aussi le reflet. &nbsp;<\/p>\n\n\n\n<p>Les toutes petites for\u00eats de LCO sont financ\u00e9es gr\u00e2ce au soutien g\u00e9n\u00e9reux de la Fondation de la famille Josette Robertson et Joan Johnston. La for\u00eat du Manoir Russell b\u00e9n\u00e9ficie d\u2019un soutien suppl\u00e9mentaire de la part de l\u2019organisme canadien<a href=\"https:\/\/www.treesforlife.ca\/fr\/page-daccueil\" target=\"_blank\" rel=\"noreferrer noopener\">Trees for Life<\/a>. La for\u00eat situ\u00e9e au 204, chemin priv\u00e9 Wiggins, b\u00e9n\u00e9ficie d\u2019un soutien suppl\u00e9mentaire de la part de la <a href=\"https:\/\/fondationecho.ca\/\" target=\"_blank\" rel=\"noreferrer noopener\">Fondation Echo<\/a> au moyen du <a href=\"https:\/\/greencommunitiescanada.org\/programs\/living-cities-canada\/living-cities-fund\/\" target=\"_blank\" rel=\"noreferrer noopener\">Green Communities Canada Living Cities Fund<\/a>. &nbsp;<\/p>\n\n\n\n<p>En 2023, gr\u00e2ce au partenariat avec EnviroCentre et For\u00eat Capitale Forest, trois toutes petites for\u00eats ont \u00e9t\u00e9 plant\u00e9es au parc Lexington, dans la communaut\u00e9 Place Esson est situ\u00e9e dans le quartier Hunt Club et dans la communaut\u00e9 Place Cahill-Woodland. &nbsp;<\/p>\n\n\n\n<p><strong>D\u00e9tails de l\u2019\u00e9v\u00e9nement&nbsp;: <\/strong>&nbsp;<\/p>\n\n\n\n<p>Les \u00e9l\u00e9ments de plantation d\u2019arbres se d\u00e9rouleront sur deux jours. Les participants comprendront notamment le personnel de LCO, les locataires, le personnel d\u2019EnviroCentre et de For\u00eat Capitale Forest, ainsi que des repr\u00e9sentants politiques municipaux locaux. &nbsp;<\/p>\n\n\n\n<p><strong>Ordre du jour du 23&nbsp;octobre (1909, chemin Russell)<\/strong> &nbsp;<\/p>\n\n\n\n<p>12&nbsp;h \u00e0 13&nbsp;h&nbsp;: Bienvenue et discours &nbsp;<\/p>\n\n\n\n<p>13&nbsp;h \u00e0 15&nbsp;h&nbsp;: Plantation d\u2019arbres &nbsp;<\/p>\n\n\n\n<p><strong>Ordre du jour du 25&nbsp;octobre (204, chemin priv\u00e9&nbsp;Wiggins)<\/strong> &nbsp;<\/p>\n\n\n\n<p>15&nbsp;h \u00e0 16&nbsp;h&nbsp;: Bienvenue et discours &nbsp;<\/p>\n\n\n\n<p>16&nbsp;h \u00e0 18&nbsp;h&nbsp;: Plantation d\u2019arbres &nbsp;<\/p>\n\n\n\n<p><strong>Pour confirmer votre pr\u00e9sence ou planifier une entrevue, veuillez communiquer avec&nbsp;: <\/strong>&nbsp;<\/p>\n\n\n\n<p><strong>&nbsp;<\/strong>Jennifer McIntosh&nbsp;<br>Sp\u00e9cialiste des communications,&nbsp;<br>Logement communautaire d\u2019Ottawa&nbsp;<br><a href=\"mailto:media@och.ca\" target=\"_blank\" rel=\"noreferrer noopener\">media@och.ca<\/a>&nbsp;<br>613-914-9953&nbsp;<\/p>\n","protected":false},"excerpt":{"rendered":"<p>Les 23 et 25&nbsp;octobre \u2013&nbsp;Ottawa (Ontario)&nbsp;\u2013 Un partenariat avec La Soci\u00e9t\u00e9 de logement communautaire d\u2019Ottawa (LCO), EnviroCentre et For\u00eat Capitale Forest a permis de planter des graines dans deux autres communaut\u00e9s. &nbsp; Qu\u2019est-ce qui rend une \u00ab&nbsp;toute petite for\u00eat&nbsp;\u00bb unique? Il s\u2019agit d\u2019un type particulier de for\u00eat con\u00e7u afin de prosp\u00e9rer dans les petits espaces&#8230;<\/p>\n","protected":false},"author":7,"featured_media":17481,"comment_status":"closed","ping_status":"open","sticky":false,"template":"","format":"standard","meta":{"_acf_changed":false,"footnotes":""},"categories":[938,937],"tags":[],"class_list":["post-17480","post","type-post","status-publish","format-standard","has-post-thumbnail","hentry","category-avis-au-medias","category-media-salle-des-nouvelles"],"acf":[],"_links":{"self":[{"href":"https:\/\/www.och-lco.ca\/fr\/wp-json\/wp\/v2\/posts\/17480","targetHints":{"allow":["GET"]}}],"collection":[{"href":"https:\/\/www.och-lco.ca\/fr\/wp-json\/wp\/v2\/posts"}],"about":[{"href":"https:\/\/www.och-lco.ca\/fr\/wp-json\/wp\/v2\/types\/post"}],"author":[{"embeddable":true,"href":"https:\/\/www.och-lco.ca\/fr\/wp-json\/wp\/v2\/users\/7"}],"replies":[{"embeddable":true,"href":"https:\/\/www.och-lco.ca\/fr\/wp-json\/wp\/v2\/comments?post=17480"}],"version-history":[{"count":0,"href":"https:\/\/www.och-lco.ca\/fr\/wp-json\/wp\/v2\/posts\/17480\/revisions"}],"wp:featuredmedia":[{"embeddable":true,"href":"https:\/\/www.och-lco.ca\/fr\/wp-json\/wp\/v2\/media\/17481"}],"wp:attachment":[{"href":"https:\/\/www.och-lco.ca\/fr\/wp-json\/wp\/v2\/media?parent=17480"}],"wp:term":[{"taxonomy":"category","embeddable":true,"href":"https:\/\/www.och-lco.ca\/fr\/wp-json\/wp\/v2\/categories?post=17480"},{"taxonomy":"post_tag","embeddable":true,"href":"https:\/\/www.och-lco.ca\/fr\/wp-json\/wp\/v2\/tags?post=17480"}],"curies":[{"name":"wp","href":"https:\/\/api.w.org\/{rel}","templated":true}]}}