{"id":17644,"date":"2024-11-19T16:44:53","date_gmt":"2024-11-19T21:44:53","guid":{"rendered":"https:\/\/www.och-lco.ca\/?p=17644"},"modified":"2024-11-19T16:51:18","modified_gmt":"2024-11-19T21:51:18","slug":"avis-aux-medias-un-refrigerateur-public-du-centre-ville-rouvrira-grace-a-lappui-de-la-collectivite","status":"publish","type":"post","link":"https:\/\/www.och-lco.ca\/fr\/avis-aux-medias-un-refrigerateur-public-du-centre-ville-rouvrira-grace-a-lappui-de-la-collectivite\/","title":{"rendered":"Avis aux m\u00e9dias\u00a0: Un r\u00e9frig\u00e9rateur public du centre-ville rouvrira gr\u00e2ce \u00e0 l\u2019appui de la collectivit\u00e9"},"content":{"rendered":"\n<p><strong>Le 20&nbsp;novembre&nbsp;2024, OTTAWA (Ontario) \u2013 <\/strong>Un lieu o\u00f9 le fait de donner et de recevoir est repr\u00e9sent\u00e9 de fa\u00e7on concr\u00e8te&nbsp;: le r\u00e9frig\u00e9rateur et le garde-manger communautaires d\u2019Ottawa Public Foods sont pr\u00eats \u00e0 rouvrir leurs portes, poursuivant ainsi leur mission visant \u00e0 lutter contre l\u2019ins\u00e9curit\u00e9 alimentaire dans le centre-ville.<\/p>\n\n\n\n<p>Le garde-manger a \u00e9t\u00e9 construit en&nbsp;2022 par des \u00e9tudiants de <a href=\"https:\/\/architecture.carleton.ca\/\">l\u2019\u00e9cole d\u2019architecture Azrieli de l\u2019Universit\u00e9&nbsp;Carleton<\/a> apr\u00e8s que la <a href=\"https:\/\/www.glebestjames.ca\/\">Glebe-St-James United Church<\/a> en a \u00e9voqu\u00e9 le besoin. Il a \u00e9galement \u00e9t\u00e9 soutenu par le <a href=\"https:\/\/www.centretownchc.org\/\">Centre de sant\u00e9 communautaire du Centre-ville<\/a> et le Caf\u00e9 <a href=\"https:\/\/www.arlingtonfive.ca\/\">Arlington&nbsp;5<\/a>.<\/p>\n\n\n\n<p>Un incendie a endommag\u00e9 le garde-manger en mai&nbsp;2024. Depuis, les b\u00e9n\u00e9voles et les intervenants de la collectivit\u00e9, le personnel de l\u2019Universit\u00e9 Carleton et les entrepreneurs locaux<a href=\"https:\/\/bassi.ca\/\"> Bassi Construction<\/a>, <a href=\"https:\/\/puroclean.ca\/\">PuroClean<\/a>, <a href=\"http:\/\/www.xpertek.ca\/fr\/\">Xpertek Construction<\/a>, <a href=\"https:\/\/imperialelectric.ca\/\">Imperial Electric<\/a> et d\u2019autres de la collectivit\u00e9 ont g\u00e9n\u00e9reusement aid\u00e9 \u00e0 entreposer les dons de nourriture destin\u00e9s \u00e0 la collectivit\u00e9 et \u00e0 r\u00e9parer les dommages caus\u00e9s au garde-manger.&nbsp;<\/p>\n\n\n\n<p><strong>Comment cela fonctionne-t-il? <\/strong>&nbsp;<\/p>\n\n\n\n<p>Le garde-manger se trouve sur la pelouse avant des tours MacLaren de logement communautaire d\u2019Ottawa (LCO) (415, rue MacLaren), mais il est ouvert \u00e0 tous les r\u00e9sidents de tout le centre-ville.&nbsp;<\/p>\n\n\n\n<p>Une cohorte de 23&nbsp;b\u00e9n\u00e9voles a appuy\u00e9 le travail r\u00e9alis\u00e9 par Ottawa Public Foods pour le garde-manger.Certains ont v\u00e9rifi\u00e9, nettoy\u00e9 et r\u00e9approvisionn\u00e9 les \u00e9tag\u00e8res et le r\u00e9frig\u00e9rateur une ou deux fois par jour; d\u2019autres ont ramass\u00e9 des dons de nourriture dans des \u00e9piceries et des boulangeries.Les denr\u00e9es proviennent \u00e9galement de dons faits \u00e0 Glebe \u2013 St-James United Church.La nourriture est laiss\u00e9e dans le garde-manger et disponible en tout temps et tous les jours de la semaine.La politique est <a>de prendre<\/a> ce dont vous avez besoin et de donner ce que vous pouvez.<\/p>\n\n\n\n<p>Le <strong>20&nbsp;novembre, de 16&nbsp;h \u00e0 17&nbsp;h,<\/strong> nous c\u00e9l\u00e9brerons sa r\u00e9ouverture et remercierons ceux qui ont aid\u00e9 \u00e0 r\u00e9parer cet atout pr\u00e9cieux du centre-ville.<\/p>\n\n\n\n<p><strong>Nous invitons les m\u00e9dias \u00e0 prendre des photos et \u00e0 r\u00e9aliser des entrevues avec des partenaires et des r\u00e9sidents lors de la c\u00e9l\u00e9bration.<\/strong><\/p>\n\n\n\n<p>Pour obtenir davantage de renseignements ou encore organiser un entretien, veuillez communiquer avec&nbsp;:<\/p>\n\n\n\n<p>Jennifer&nbsp;McIntosh<\/p>\n\n\n\n<p>Sp\u00e9cialiste des communications, LCO<\/p>\n\n\n\n<p><a href=\"mailto:media@och.ca\">media@och.ca<\/a><\/p>\n\n\n\n<p>613-914-9953<\/p>\n\n\n\n<p><\/p>\n","protected":false},"excerpt":{"rendered":"<p>Le 20&nbsp;novembre&nbsp;2024, OTTAWA (Ontario) \u2013 Un lieu o\u00f9 le fait de donner et de recevoir est repr\u00e9sent\u00e9 de fa\u00e7on concr\u00e8te&nbsp;: le r\u00e9frig\u00e9rateur et le garde-manger communautaires d\u2019Ottawa Public Foods sont pr\u00eats \u00e0 rouvrir leurs portes, poursuivant ainsi leur mission visant \u00e0 lutter contre l\u2019ins\u00e9curit\u00e9 alimentaire dans le centre-ville. Le garde-manger a \u00e9t\u00e9 construit en&nbsp;2022 par&#8230;<\/p>\n","protected":false},"author":7,"featured_media":17643,"comment_status":"closed","ping_status":"open","sticky":false,"template":"","format":"standard","meta":{"_acf_changed":false,"footnotes":""},"categories":[938],"tags":[],"class_list":["post-17644","post","type-post","status-publish","format-standard","has-post-thumbnail","hentry","category-avis-au-medias"],"acf":[],"_links":{"self":[{"href":"https:\/\/www.och-lco.ca\/fr\/wp-json\/wp\/v2\/posts\/17644","targetHints":{"allow":["GET"]}}],"collection":[{"href":"https:\/\/www.och-lco.ca\/fr\/wp-json\/wp\/v2\/posts"}],"about":[{"href":"https:\/\/www.och-lco.ca\/fr\/wp-json\/wp\/v2\/types\/post"}],"author":[{"embeddable":true,"href":"https:\/\/www.och-lco.ca\/fr\/wp-json\/wp\/v2\/users\/7"}],"replies":[{"embeddable":true,"href":"https:\/\/www.och-lco.ca\/fr\/wp-json\/wp\/v2\/comments?post=17644"}],"version-history":[{"count":0,"href":"https:\/\/www.och-lco.ca\/fr\/wp-json\/wp\/v2\/posts\/17644\/revisions"}],"wp:featuredmedia":[{"embeddable":true,"href":"https:\/\/www.och-lco.ca\/fr\/wp-json\/wp\/v2\/media\/17643"}],"wp:attachment":[{"href":"https:\/\/www.och-lco.ca\/fr\/wp-json\/wp\/v2\/media?parent=17644"}],"wp:term":[{"taxonomy":"category","embeddable":true,"href":"https:\/\/www.och-lco.ca\/fr\/wp-json\/wp\/v2\/categories?post=17644"},{"taxonomy":"post_tag","embeddable":true,"href":"https:\/\/www.och-lco.ca\/fr\/wp-json\/wp\/v2\/tags?post=17644"}],"curies":[{"name":"wp","href":"https:\/\/api.w.org\/{rel}","templated":true}]}}