{"id":17882,"date":"2025-02-13T11:49:27","date_gmt":"2025-02-13T16:49:27","guid":{"rendered":"https:\/\/www.och-lco.ca\/black-history-month-meet-teju\/"},"modified":"2025-02-13T12:40:29","modified_gmt":"2025-02-13T17:40:29","slug":"rencontre-avec-teju","status":"publish","type":"post","link":"https:\/\/www.och-lco.ca\/fr\/rencontre-avec-teju\/","title":{"rendered":"Pleins feux sur l&rsquo;excellence noire : rencontre avec Teju"},"content":{"rendered":"\n<h4 class=\"wp-block-heading\" id=\"february-is-black-history-month\u2014a-time-to-celebrate-the-achievements,-contributions,-and-voices-of-black-professionals-in-our-co\">F\u00e9vrier est le Mois de l&rsquo;Histoire des Noirs \u2014 un moment pour c\u00e9l\u00e9brer les r\u00e9alisations, les contributions et les voix des personnes noires dans notre communaut\u00e9. \u00c0 la Soci\u00e9t\u00e9 de logement communautaire de LCO, nous sommes fiers de mettre en lumi\u00e8re les individus incroyables qui contribuent chaque jour \u00e0 fa\u00e7onner notre organisation.<\/h4>\n\n\n\n<p>Pour commencer notre s\u00e9rie de \u00ab\u00a0Portraits d&#8217;employ\u00e9s\u00a0\u00bb pour le Mois de l\u2019Histoire des Noirs, nous sommes ravis de vous pr\u00e9senter Teju, Gestionnaire de l&rsquo;Inventaire et des Programmes.<\/p>\n\n\n\n<p><strong>Peux-tu nous parler de ton parcours et de ton exp\u00e9rience avec les communaut\u00e9s de logements abordables ?<\/strong><\/p>\n\n\n\n<p>Je suis arriv\u00e9 au Canada en provenance du Nig\u00e9ria il y a 14 ans avec ma famille, et pendant trois ans, nous avons v\u00e9cu dans des logements sociaux \u00e0 Calgary. Cette exp\u00e9rience a eu un grand impact sur ma vision, car elle m\u2019a montr\u00e9 l&rsquo;importance des logements abordables pour aider les familles \u00e0 avoir de la stabilit\u00e9. Gr\u00e2ce aux programmes de loyer subventionn\u00e9, nous avons pu nous concentrer sur nos \u00e9tudes et notre d\u00e9veloppement professionnel. Le soutien que nous avons re\u00e7u m&rsquo;a renforc\u00e9 dans ma conviction que l&rsquo;acc\u00e8s au logement est essentiel, et cette conviction influence toujours mon travail \u00e0 LCO.<\/p>\n\n\n\n<p><strong>Quelles ont \u00e9t\u00e9 les m\u00e9thodes efficaces pour surmonter les obstacles et r\u00e9ussir personnellement ?<\/strong><\/p>\n\n\n\n<p>La r\u00e9ussite personnelle repose sur la r\u00e9silience, l&rsquo;\u00e9ducation continue et la planification strat\u00e9gique. Partir dans un nouveau pays a pr\u00e9sent\u00e9 de nombreux d\u00e9fis, mais je suis rest\u00e9 concentr\u00e9 sur mes objectifs \u00e0 long terme et engag\u00e9 dans ma croissance. Les logements abordables m&rsquo;ont permis d&rsquo;avoir la stabilit\u00e9 n\u00e9cessaire pour poursuivre mes \u00e9tudes sup\u00e9rieures, y compris mon deuxi\u00e8me dipl\u00f4me en gestion des affaires \u00e0 l&rsquo;Universit\u00e9 Athabasca et ma certification en gestion de la cha\u00eene d&rsquo;approvisionnement. De plus, j&rsquo;ai mis l&rsquo;accent sur le r\u00e9seautage et l&rsquo;apprentissage tout au long de ma vie, ce qui a \u00e9t\u00e9 crucial pour ma r\u00e9ussite \u00e0 long terme.<\/p>\n\n\n\n<p><strong>Peux-tu nous parler de ton parcours professionnel et de ce qui t&rsquo;a conduit \u00e0 ton r\u00f4le actuel ?<\/strong><\/p>\n\n\n\n<p>Ma carri\u00e8re a commenc\u00e9 dans la cha\u00eene d&rsquo;approvisionnement et la logistique, o\u00f9 j&rsquo;ai acquis une grande exp\u00e9rience en tant que gestionnaire d&rsquo;inventaire et d&rsquo;entrep\u00f4t en Alberta et \u00e0 Terre-Neuve-et-Labrador. Vivre dans un logement social \u00e0 Calgary m&rsquo;a donn\u00e9 une perspective unique sur l&rsquo;impact des logements abordables, et cette exp\u00e9rience a fa\u00e7onn\u00e9 mon parcours professionnel. Cela m&rsquo;a finalement amen\u00e9 \u00e0 LCO, o\u00f9 je peux combiner mon expertise avec mes connaissances personnelles pour contribuer de mani\u00e8re significative \u00e0 la mission de l&rsquo;organisation.<\/p>\n\n\n\n<p><strong>Quels d\u00e9fis as-tu rencontr\u00e9s dans le monde de l&rsquo;entreprise en tant que professionnel noir et comment les as-tu surmont\u00e9s ?<\/strong><\/p>\n\n\n\n<p>En tant que professionnel noir, j\u2019ai rencontr\u00e9 des d\u00e9fis comme les pr\u00e9jug\u00e9s inconscients et la n\u00e9cessit\u00e9 de constamment prouver mes comp\u00e9tences. Pour surmonter ces obstacles, j\u2019ai mis l\u2019accent sur la confiance en mes capacit\u00e9s et j\u2019ai investi dans mon d\u00e9veloppement professionnel. Cr\u00e9er des relations solides avec mes coll\u00e8gues et chercher du mentorat ont \u00e9t\u00e9 essentiels pour naviguer dans ces obstacles et cr\u00e9er des opportunit\u00e9s de croissance. Je pense que des organisations comme LCO jouent un r\u00f4le important pour favoriser un environnement inclusif o\u00f9 tous les employ\u00e9s ont des chances \u00e9gales de r\u00e9ussir.<\/p>\n\n\n\n<p><strong>Comment ta perspective en tant que professionnel noir a-t-elle influenc\u00e9 ton approche du travail ?<\/strong><\/p>\n\n\n\n<p>Mon parcours et mes exp\u00e9riences, tant au Nig\u00e9ria que comme r\u00e9sident de logements sociaux au Canada, m&rsquo;ont donn\u00e9 une grande appr\u00e9ciation de la r\u00e9silience et de l&rsquo;importance des opportunit\u00e9s. Cette perspective me rend plus empathique dans mon approche du travail, en veillant \u00e0 \u00e9quilibrer logique et compassion. Je plaide pour l&rsquo;\u00e9quit\u00e9 et l&rsquo;inclusion dans la prise de d\u00e9cision, en reconnaissant que des perspectives diversifi\u00e9es sont essentielles pour renforcer les communaut\u00e9s et les organisations.<\/p>\n\n\n\n<p><strong>Quels conseils donnerais-tu \u00e0 d&rsquo;autres professionnels noirs dans leur carri\u00e8re ?<\/strong><\/p>\n\n\n\n<p>Restez concentr\u00e9, investissez dans l&rsquo;apprentissage continu et cherchez du mentorat. Ne laissez pas le syndrome de l&rsquo;imposteur vous freiner : vous avez votre place dans toutes les pi\u00e8ces o\u00f9 vous entrez. Construisez un r\u00e9seau solide, et \u00e0 mesure que vous grandissez, efforcez-vous de mentor\u00e9 les autres et de redonner ce que vous avez re\u00e7u.<\/p>\n\n\n\n<p><strong>Quels changements aimerais-tu voir en milieu de travail pour le rendre plus inclusif et soutenant pour les employ\u00e9s noirs ?<\/strong><\/p>\n\n\n\n<p>Pour v\u00e9ritablement favoriser un lieu de travail inclusif, les organisations doivent aller au-del\u00e0 de la simple discussion sur la diversit\u00e9. Il doit y avoir un engagement clair \u00e0 cr\u00e9er des voies pour que les professionnels noirs acc\u00e8dent \u00e0 des postes de direction. Des programmes de mentorat, des pratiques d&#8217;embauche \u00e9quitables et une culture qui privil\u00e9gie l&rsquo;appartenance sont essentiels. Il ne s&rsquo;agit pas seulement de diversit\u00e9, mais de s&rsquo;assurer que les professionnels noirs ont le soutien et les opportunit\u00e9s n\u00e9cessaires pour prosp\u00e9rer \u00e0 tous les niveaux. Le v\u00e9ritable changement se produit lorsque nous voyons de la repr\u00e9sentation \u00e0 tous les niveaux de l&rsquo;organisation.<\/p>\n\n\n\n<p><strong>Y a-t-il un moment particulier dans ta carri\u00e8re dont tu es particuli\u00e8rement fier, et pourquoi ?<\/strong><\/p>\n\n\n\n<p>L\u2019un des moments dont je suis le plus fier dans ma carri\u00e8re a \u00e9t\u00e9 l&rsquo;obtention de ma certification en gestion de la cha\u00eene d&rsquo;approvisionnement (SCMP) en 2015. Cette \u00e9tape a repr\u00e9sent\u00e9 des ann\u00e9es de d\u00e9vouement et de pers\u00e9v\u00e9rance. Un autre accomplissement important a \u00e9t\u00e9 ma transition vers le secteur du logement abordable, o\u00f9 je peux maintenant contribuer \u00e0 une cause qui me tient profond\u00e9ment \u00e0 c\u0153ur.<\/p>\n\n\n\n<hr class=\"wp-block-separator has-alpha-channel-opacity\"\/>\n\n\n\n<p class=\"has-text-align-center\"><img decoding=\"async\" class=\"wp-image-13275\" style=\"width: NaNpx;\" src=\"https:\/\/www.och-lco.ca\/wp-content\/uploads\/2023\/08\/fi_heart_blue.svg\" alt=\"\"><\/p>\n\n\n\n<p><strong>Le Mois de l\u2019Histoire des Noirs est un moment de r\u00e9flexion et de c\u00e9l\u00e9bration. Peux-tu partager un artiste, un musicien ou un auteur noir qui t&rsquo;inspire et pourquoi ?<\/strong><\/p>\n\n\n\n<p><strong>Musicien <\/strong>: Bob Marley (Jama\u00efque) \u2013 Sa musique portait des messages puissants d&rsquo;unit\u00e9, de paix et de r\u00e9sistance, qui continuent d&rsquo;inspirer des g\u00e9n\u00e9rations \u00e0 travers le monde. Des chansons comme \u00ab\u00a0One Love\u00a0\u00bb et \u00ab\u00a0Redemption Song\u00a0\u00bb restent des hymnes d\u2019espoir et de libert\u00e9.<br><strong>Auteur <\/strong>: Toni Morrison (\u00c9tats-Unis) \u2013 Premi\u00e8re femme noire \u00e0 recevoir le Prix Nobel de litt\u00e9rature, les \u0153uvres de Morrison (Beloved, The Bluest Eye) abordent profond\u00e9ment l&rsquo;identit\u00e9 et l&rsquo;histoire des Noirs. Son \u00e9criture a profond\u00e9ment influenc\u00e9 le discours sur la race et l&rsquo;humanit\u00e9.<br><strong>Artiste <\/strong>: Jean-Michel Basquiat (\u00c9tats-Unis) \u2013 Connu pour ses \u0153uvres n\u00e9o-expressionnistes inspir\u00e9es du graffiti, Basquiat a abord\u00e9 des questions de race, de classe et de pouvoir, laissant un impact durable sur l&rsquo;art contemporain. Sa vision cr\u00e9ative a d\u00e9fi\u00e9 les normes sociales et continue d&rsquo;inspirer.<\/p>\n\n\n\n<p>Ces figures influentes sont bien plus que des ic\u00f4nes dans leurs domaines : elles ont d\u00e9fi\u00e9 les conventions, fa\u00e7onn\u00e9 l&rsquo;histoire et continuent d\u2019inspirer des g\u00e9n\u00e9rations, y compris moi-m\u00eame.<\/p>\n\n\n\n<p><\/p>\n","protected":false},"excerpt":{"rendered":"<p>F\u00e9vrier est le Mois de l&rsquo;Histoire des Noirs \u2014 un moment pour c\u00e9l\u00e9brer les r\u00e9alisations, les contributions et les voix des personnes noires dans notre communaut\u00e9. \u00c0 la Soci\u00e9t\u00e9 de logement communautaire de LCO, nous sommes fiers de mettre en lumi\u00e8re les individus incroyables qui contribuent chaque jour \u00e0 fa\u00e7onner notre organisation. Pour commencer notre&#8230;<\/p>\n","protected":false},"author":12,"featured_media":17881,"comment_status":"closed","ping_status":"open","sticky":false,"template":"","format":"standard","meta":{"_acf_changed":false,"footnotes":""},"categories":[800],"tags":[],"class_list":["post-17882","post","type-post","status-publish","format-standard","has-post-thumbnail","hentry","category-coin-des-employes"],"acf":[],"_links":{"self":[{"href":"https:\/\/www.och-lco.ca\/fr\/wp-json\/wp\/v2\/posts\/17882","targetHints":{"allow":["GET"]}}],"collection":[{"href":"https:\/\/www.och-lco.ca\/fr\/wp-json\/wp\/v2\/posts"}],"about":[{"href":"https:\/\/www.och-lco.ca\/fr\/wp-json\/wp\/v2\/types\/post"}],"author":[{"embeddable":true,"href":"https:\/\/www.och-lco.ca\/fr\/wp-json\/wp\/v2\/users\/12"}],"replies":[{"embeddable":true,"href":"https:\/\/www.och-lco.ca\/fr\/wp-json\/wp\/v2\/comments?post=17882"}],"version-history":[{"count":0,"href":"https:\/\/www.och-lco.ca\/fr\/wp-json\/wp\/v2\/posts\/17882\/revisions"}],"wp:featuredmedia":[{"embeddable":true,"href":"https:\/\/www.och-lco.ca\/fr\/wp-json\/wp\/v2\/media\/17881"}],"wp:attachment":[{"href":"https:\/\/www.och-lco.ca\/fr\/wp-json\/wp\/v2\/media?parent=17882"}],"wp:term":[{"taxonomy":"category","embeddable":true,"href":"https:\/\/www.och-lco.ca\/fr\/wp-json\/wp\/v2\/categories?post=17882"},{"taxonomy":"post_tag","embeddable":true,"href":"https:\/\/www.och-lco.ca\/fr\/wp-json\/wp\/v2\/tags?post=17882"}],"curies":[{"name":"wp","href":"https:\/\/api.w.org\/{rel}","templated":true}]}}