{"id":18007,"date":"2025-03-28T09:49:29","date_gmt":"2025-03-28T13:49:29","guid":{"rendered":"https:\/\/www.och-lco.ca\/a-pillar-of-community-spirit-at-140-den-haag\/"},"modified":"2026-02-27T11:24:38","modified_gmt":"2026-02-27T16:24:38","slug":"a-pillar-of-community-spirit-at-140-den-haag","status":"publish","type":"post","link":"https:\/\/www.och-lco.ca\/fr\/a-pillar-of-community-spirit-at-140-den-haag\/","title":{"rendered":"Rencontre avec une locataire: Un pilier de l\u2019esprit communautaire au 140, promenade Den Haag\u00a0"},"content":{"rendered":"\n<p>Voici Linda, une r\u00e9sidente sp\u00e9ciale du 140, promenade Den Haag.&nbsp;<\/p>\n\n\n\n<p>Linda vit au sein de Logement communautaire d\u2019Ottawa (LCO) depuis pr\u00e8s de 10 ans, et a d\u00e9m\u00e9nag\u00e9 de Montr\u00e9al \u00e0 Ottawa en 2001.&nbsp; Avant de prendre sa retraite, elle a travaill\u00e9 en soins palliatifs \u00e0 l\u2019hospice May Court pendant pr\u00e8s d\u2019une d\u00e9cennie, un r\u00f4le qui a fa\u00e7onn\u00e9 son approche bienveillante et compatissante de la vie.&nbsp;&nbsp;<\/p>\n\n\n\n<p>Linda s\u2019est dit : \u00ab Pourquoi ne pas transformer cet espace (le salon) en un centre pour les \u00e9v\u00e9nements communautaires? \u00bb Avec le soutien de ses coll\u00e8gues locataires et de l\u2019\u00e9quipe de d\u00e9veloppement communautaire de LCO, Linda a commenc\u00e9 \u00e0 organiser des rencontres-caf\u00e9 et des cours d\u2019art, particuli\u00e8rement destin\u00e9s aux personnes \u00e2g\u00e9es et aux locataires handicap\u00e9s. Son objectif \u00e9tait simple : rassembler les gens, \u00e9changer des exp\u00e9riences et favoriser un sentiment d\u2019appartenance.&nbsp;<\/p>\n\n\n\n<p>Lorsque la pand\u00e9mie a apport\u00e9 de nouveaux d\u00e9fis, l\u2019engagement de Linda n\u2019a jamais faibli. Elle s\u2019est rapidement adapt\u00e9e, transformant la crise en une occasion d\u2019introduire des cours d\u2019art pour aider les locataires \u00e0 s\u2019exprimer de mani\u00e8re cr\u00e9ative. Avec le soutien de ses voisins et de LCO, ces cours sont devenus plus qu\u2019une simple activit\u00e9 \u2013 ils ont apport\u00e9 du r\u00e9confort et permis d\u2019\u00e9tablir des liens pendant les p\u00e9riodes d\u2019isolement.&nbsp;<\/p>\n\n\n\n<p>&nbsp;Linda ne s\u2019est pas arr\u00eat\u00e9e l\u00e0. R\u00e9cemment, elle a lanc\u00e9 un programme de garde-manger avec les dons d\u2019un autre locataire du 312, rue Cumberland, aidant les personnes dans le besoin dans l\u2019immeuble. Elle esp\u00e8re faire cro\u00eetre le projet de garde-manger pour soutenir la communaut\u00e9 environnante de Carsons, en veillant \u00e0 ce que personne ne souffre de la faim. Gr\u00e2ce \u00e0 sa passion pour le service et \u00e0 sa volont\u00e9 de changer les choses, elle travaille sans rel\u00e2che pour obtenir du financement pour un garde-manger appropri\u00e9 dans l\u2019immeuble, en veillant \u00e0 ce qu\u2019il continue d\u2019\u00eatre l\u00e0 pour tous ceux qui en ont besoin.&nbsp;<\/p>\n\n\n\n<p>La partie pr\u00e9f\u00e9r\u00e9e de Linda dans son travail est la camaraderie qu\u2019elle partage avec ceux qui l\u2019entourent. <\/p>\n\n\n\n<figure class=\"wp-block-pullquote\"><blockquote><p>\u00ab Tout le monde s\u2019entend bien et donne son soutien. \u00c7a me motive \u00e0 continuer. \u00bb <\/p><cite>Linda<\/cite><\/blockquote><\/figure>\n\n\n\n<p>Ses relations avec ses voisins reposent sur le travail d\u2019\u00e9quipe et le respect mutuel, cr\u00e9ant un environnement o\u00f9 tout le monde est d\u00e9sireux de donner un coup de main et d\u2019apprendre les uns des autres.\u00a0<\/p>\n\n\n\n<p>Bien s\u00fbr, aucun parcours de b\u00e9n\u00e9vole n\u2019est sans d\u00e9fis. Le principal obstacle de Linda est d\u2019\u00eatre responsable de l\u2019entretien du salon apr\u00e8s les \u00e9v\u00e9nements. Cependant, Linda reste d\u00e9vou\u00e9e \u00e0 cr\u00e9er un endroit confortable et accueillant pour tous.&nbsp; Ses efforts ont fait une r\u00e9elle diff\u00e9rence, renfor\u00e7ant le sentiment d\u2019appartenance \u00e0 la communaut\u00e9 au 140, promenade Den Haag.&nbsp;e for all.\u00a0 Her efforts have made a real difference, strengthening the sense of community at 140 Den Haag.\u00a0<\/p>\n\n\n\n<div class=\"wp-block-columns is-layout-flex wp-container-core-columns-is-layout-28f84493 wp-block-columns-is-layout-flex\">\n<div class=\"wp-block-column is-layout-flow wp-block-column-is-layout-flow\">\n<figure class=\"wp-block-image size-large\"><img loading=\"lazy\" decoding=\"async\" width=\"362\" height=\"1024\" src=\"https:\/\/www.och-lco.ca\/wp-content\/uploads\/2025\/03\/Image-61-362x1024.jpg\" alt=\"\" class=\"wp-image-18001\" srcset=\"https:\/\/www.och-lco.ca\/wp-content\/uploads\/2025\/03\/Image-61-362x1024.jpg 362w, https:\/\/www.och-lco.ca\/wp-content\/uploads\/2025\/03\/Image-61-106x300.jpg 106w, https:\/\/www.och-lco.ca\/wp-content\/uploads\/2025\/03\/Image-61-543x1536.jpg 543w, https:\/\/www.och-lco.ca\/wp-content\/uploads\/2025\/03\/Image-61.jpg 636w\" sizes=\"auto, (max-width: 362px) 100vw, 362px\" \/><\/figure>\n<\/div>\n\n\n\n<div class=\"wp-block-column is-layout-flow wp-block-column-is-layout-flow\">\n<figure class=\"wp-block-image size-large\"><img loading=\"lazy\" decoding=\"async\" width=\"768\" height=\"1024\" src=\"https:\/\/www.och-lco.ca\/wp-content\/uploads\/2025\/03\/shared-image-68-768x1024.jpg\" alt=\"\" class=\"wp-image-18003\" srcset=\"https:\/\/www.och-lco.ca\/wp-content\/uploads\/2025\/03\/shared-image-68-768x1024.jpg 768w, https:\/\/www.och-lco.ca\/wp-content\/uploads\/2025\/03\/shared-image-68-225x300.jpg 225w, https:\/\/www.och-lco.ca\/wp-content\/uploads\/2025\/03\/shared-image-68-1152x1536.jpg 1152w, https:\/\/www.och-lco.ca\/wp-content\/uploads\/2025\/03\/shared-image-68.jpg 1500w\" sizes=\"auto, (max-width: 768px) 100vw, 768px\" \/><\/figure>\n\n\n\n<figure class=\"wp-block-image size-large\"><img loading=\"lazy\" decoding=\"async\" width=\"768\" height=\"1024\" src=\"https:\/\/www.och-lco.ca\/wp-content\/uploads\/2025\/03\/shared-image-69-768x1024.jpg\" alt=\"\" class=\"wp-image-18005\" srcset=\"https:\/\/www.och-lco.ca\/wp-content\/uploads\/2025\/03\/shared-image-69-768x1024.jpg 768w, https:\/\/www.och-lco.ca\/wp-content\/uploads\/2025\/03\/shared-image-69-225x300.jpg 225w, https:\/\/www.och-lco.ca\/wp-content\/uploads\/2025\/03\/shared-image-69-1152x1536.jpg 1152w, https:\/\/www.och-lco.ca\/wp-content\/uploads\/2025\/03\/shared-image-69.jpg 1500w\" sizes=\"auto, (max-width: 768px) 100vw, 768px\" \/><\/figure>\n<\/div>\n<\/div>\n","protected":false},"excerpt":{"rendered":"<p>Voici Linda, une r\u00e9sidente sp\u00e9ciale du 140, promenade Den Haag.&nbsp; Linda vit au sein de Logement communautaire d\u2019Ottawa (LCO) depuis pr\u00e8s de 10 ans, et a d\u00e9m\u00e9nag\u00e9 de Montr\u00e9al \u00e0 Ottawa en 2001.&nbsp; Avant de prendre sa retraite, elle a travaill\u00e9 en soins palliatifs \u00e0 l\u2019hospice May Court pendant pr\u00e8s d\u2019une d\u00e9cennie, un r\u00f4le qui&#8230;<\/p>\n","protected":false},"author":7,"featured_media":18000,"comment_status":"closed","ping_status":"open","sticky":false,"template":"","format":"standard","meta":{"_acf_changed":false,"footnotes":""},"categories":[777,781],"tags":[],"class_list":["post-18007","post","type-post","status-publish","format-standard","has-post-thumbnail","hentry","category-trimestriel","category-rencontre-avec-un_e-locataire"],"acf":[],"_links":{"self":[{"href":"https:\/\/www.och-lco.ca\/fr\/wp-json\/wp\/v2\/posts\/18007","targetHints":{"allow":["GET"]}}],"collection":[{"href":"https:\/\/www.och-lco.ca\/fr\/wp-json\/wp\/v2\/posts"}],"about":[{"href":"https:\/\/www.och-lco.ca\/fr\/wp-json\/wp\/v2\/types\/post"}],"author":[{"embeddable":true,"href":"https:\/\/www.och-lco.ca\/fr\/wp-json\/wp\/v2\/users\/7"}],"replies":[{"embeddable":true,"href":"https:\/\/www.och-lco.ca\/fr\/wp-json\/wp\/v2\/comments?post=18007"}],"version-history":[{"count":0,"href":"https:\/\/www.och-lco.ca\/fr\/wp-json\/wp\/v2\/posts\/18007\/revisions"}],"wp:featuredmedia":[{"embeddable":true,"href":"https:\/\/www.och-lco.ca\/fr\/wp-json\/wp\/v2\/media\/18000"}],"wp:attachment":[{"href":"https:\/\/www.och-lco.ca\/fr\/wp-json\/wp\/v2\/media?parent=18007"}],"wp:term":[{"taxonomy":"category","embeddable":true,"href":"https:\/\/www.och-lco.ca\/fr\/wp-json\/wp\/v2\/categories?post=18007"},{"taxonomy":"post_tag","embeddable":true,"href":"https:\/\/www.och-lco.ca\/fr\/wp-json\/wp\/v2\/tags?post=18007"}],"curies":[{"name":"wp","href":"https:\/\/api.w.org\/{rel}","templated":true}]}}