{"id":18066,"date":"2025-04-08T15:01:27","date_gmt":"2025-04-08T19:01:27","guid":{"rendered":"https:\/\/www.och-lco.ca\/community-capital-fund-helps-to-provide-spaces-to-make-connections\/"},"modified":"2025-11-03T10:54:37","modified_gmt":"2025-11-03T15:54:37","slug":"community-capital-fund-helps-to-provide-spaces-to-make-connections","status":"publish","type":"post","link":"https:\/\/www.och-lco.ca\/fr\/community-capital-fund-helps-to-provide-spaces-to-make-connections\/","title":{"rendered":"Le Fonds d\u2019immobilisations communautaires aide \u00e0 fournir des espaces pour cr\u00e9er des liens\u00a0\u00a0"},"content":{"rendered":"\n<p>Le Fonds d\u2019immobilisations communautaires aide \u00e0 fournir des espaces pour cr\u00e9er des liens&nbsp;&nbsp;<\/p>\n\n\n\n<p>Gr\u00e2ce au travail acharn\u00e9 du personnel de LCO, 29 salons communautaires ont \u00e9t\u00e9 \u00e9quip\u00e9s de tables et de chaises.&nbsp;&nbsp;<\/p>\n\n\n\n<p>L&rsquo;investissement de 43 000 $ a \u00e9t\u00e9 rendu possible gr\u00e2ce au Fonds d\u2019immobilisations communautaires Il s&rsquo;agit v\u00e9ritablement d&rsquo;un effort collectif ! &nbsp;<\/p>\n\n\n\n<ul class=\"wp-block-list\">\n<li>L\u2019\u00e9quipe de d\u00e9veloppement communautaire ont aid\u00e9 \u00e0 obtenir le plus de meubles possible avec notre budget. Il y avait tellement de chaises et de tables qu&rsquo;elles ont rempli un conteneur d&rsquo;exp\u00e9dition.\u00a0 \u00a0<\/li>\n<\/ul>\n\n\n\n<ul class=\"wp-block-list\">\n<li>L&rsquo;\u00e9quipe de d\u00e9veloppement communautaire a identifi\u00e9 le besoin.\u00a0\u00a0\u00a0<\/li>\n<\/ul>\n\n\n\n<ul class=\"wp-block-list\">\n<li>Et les \u00e9quipes du Programme de mobilisation des b\u00e9n\u00e9voles et de l&rsquo;Entretien du paysage ont coordonn\u00e9 les livraisons.\u00a0\u00a0<\/li>\n<\/ul>\n\n\n\n<p>\u00ab Fournir \u00e0 ces espaces partag\u00e9s un mobilier pratique et fonctionnel va au-del\u00e0 de l&rsquo;am\u00e9lioration de l\u2019espace &#8211; il s&rsquo;agit de favoriser les liens. Ces salons servent de lieux de rassemblement o\u00f9 les locataires peuvent converser de fa\u00e7on significative, construire des relations plus solides et collaborer sur les moyens d&rsquo;am\u00e9liorer leurs communaut\u00e9s \u00bb, a d\u00e9clar\u00e9 Steve Clay, gestionnaire principal du d\u00e9veloppement communautaire de LCO.&nbsp;&nbsp;<\/p>\n\n\n\n<p><\/p>\n","protected":false},"excerpt":{"rendered":"<p>Le Fonds d\u2019immobilisations communautaires aide \u00e0 fournir des espaces pour cr\u00e9er des liens&nbsp;&nbsp; Gr\u00e2ce au travail acharn\u00e9 du personnel de LCO, 29 salons communautaires ont \u00e9t\u00e9 \u00e9quip\u00e9s de tables et de chaises.&nbsp;&nbsp; L&rsquo;investissement de 43 000 $ a \u00e9t\u00e9 rendu possible gr\u00e2ce au Fonds d\u2019immobilisations communautaires Il s&rsquo;agit v\u00e9ritablement d&rsquo;un effort collectif ! &nbsp; \u00ab&#8230;<\/p>\n","protected":false},"author":7,"featured_media":18065,"comment_status":"closed","ping_status":"open","sticky":false,"template":"","format":"standard","meta":{"_acf_changed":false,"footnotes":""},"categories":[778],"tags":[],"class_list":["post-18066","post","type-post","status-publish","format-standard","has-post-thumbnail","hentry","category-fonds-dimmobilisations-communautaires"],"acf":[],"_links":{"self":[{"href":"https:\/\/www.och-lco.ca\/fr\/wp-json\/wp\/v2\/posts\/18066","targetHints":{"allow":["GET"]}}],"collection":[{"href":"https:\/\/www.och-lco.ca\/fr\/wp-json\/wp\/v2\/posts"}],"about":[{"href":"https:\/\/www.och-lco.ca\/fr\/wp-json\/wp\/v2\/types\/post"}],"author":[{"embeddable":true,"href":"https:\/\/www.och-lco.ca\/fr\/wp-json\/wp\/v2\/users\/7"}],"replies":[{"embeddable":true,"href":"https:\/\/www.och-lco.ca\/fr\/wp-json\/wp\/v2\/comments?post=18066"}],"version-history":[{"count":0,"href":"https:\/\/www.och-lco.ca\/fr\/wp-json\/wp\/v2\/posts\/18066\/revisions"}],"wp:featuredmedia":[{"embeddable":true,"href":"https:\/\/www.och-lco.ca\/fr\/wp-json\/wp\/v2\/media\/18065"}],"wp:attachment":[{"href":"https:\/\/www.och-lco.ca\/fr\/wp-json\/wp\/v2\/media?parent=18066"}],"wp:term":[{"taxonomy":"category","embeddable":true,"href":"https:\/\/www.och-lco.ca\/fr\/wp-json\/wp\/v2\/categories?post=18066"},{"taxonomy":"post_tag","embeddable":true,"href":"https:\/\/www.och-lco.ca\/fr\/wp-json\/wp\/v2\/tags?post=18066"}],"curies":[{"name":"wp","href":"https:\/\/api.w.org\/{rel}","templated":true}]}}