{"id":21169,"date":"2026-04-24T08:15:00","date_gmt":"2026-04-24T12:15:00","guid":{"rendered":"https:\/\/www.och-lco.ca\/?p=21169"},"modified":"2026-04-24T08:20:06","modified_gmt":"2026-04-24T12:20:06","slug":"avis-aux-medias-de-nouveaux-logements-abordables-franchissent-une-nouvelle-etape-chemin-heatherington","status":"publish","type":"post","link":"https:\/\/www.och-lco.ca\/fr\/avis-aux-medias-de-nouveaux-logements-abordables-franchissent-une-nouvelle-etape-chemin-heatherington\/","title":{"rendered":"Avis aux m\u00e9dias : De nouveaux logements abordables franchissent une nouvelle \u00e9tape sur le chemin Heatherington"},"content":{"rendered":"\n<p><strong>Pour diffusion imm\u00e9diate<\/strong>\u00a0<\/p>\n\n\n\n<p><strong>Ottawa, ON \u2013 le 27 avril 2026<\/strong>\u00a0\u2014 Les m\u00e9dias sont invit\u00e9s \u00e0 assister \u00e0 une annonce soulignant une \u00e9tape importante de la phase 1 du r\u00e9am\u00e9nagement pr\u00e9vu du chemin Heatherington par la Ville d\u2019Ottawa sur un terrain vacant appartenant \u00e0 la Ville.<\/p>\n\n\n\n<p>La Soci\u00e9t\u00e9 de logement communautaire d\u2019Ottawa a \u00e9t\u00e9 confirm\u00e9e comme partenaire de r\u00e9alisation pour la phase 1 et fera avancer les plans visant la r\u00e9alisation de 90 nouveaux logements abordables r\u00e9partis dans deux immeubles r\u00e9sidentiels situ\u00e9s aux 1750 et 1790, chemin Heatherington.<\/p>\n\n\n\n<p>Les allocutions mettront en lumi\u00e8re l\u2019importance de la phase 1, les retomb\u00e9es de la mise en valeur de terrains municipaux pour le logement abordable ainsi que les partenariats entre la Soci\u00e9t\u00e9 de logement communautaire d\u2019Ottawa, la Ville d\u2019Ottawa et la Province de l\u2019Ontario qui contribuent \u00e0 faire progresser cette phase de l\u2019am\u00e9nagement.<\/p>\n\n\n\n<figure class=\"wp-block-image size-full\"><img loading=\"lazy\" decoding=\"async\" width=\"903\" height=\"6\" src=\"https:\/\/www.och-lco.ca\/wp-content\/uploads\/2026\/04\/image.png\" alt=\"\" class=\"wp-image-21165\" srcset=\"https:\/\/www.och-lco.ca\/wp-content\/uploads\/2026\/04\/image.png 903w, https:\/\/www.och-lco.ca\/wp-content\/uploads\/2026\/04\/image-300x2.png 300w, https:\/\/www.och-lco.ca\/wp-content\/uploads\/2026\/04\/image-768x5.png 768w\" sizes=\"auto, (max-width: 903px) 100vw, 903px\" \/><\/figure>\n\n\n\n<h3 class=\"wp-block-heading\">D\u00e9tails de l\u2019\u00e9v\u00e9nement<\/h3>\n\n\n\n<ul class=\"wp-block-list\">\n<li><strong>Quoi :\u00a0<\/strong>Annonce de la Soci\u00e9t\u00e9 de logement communautaire d\u2019Ottawa \u00e0 titre de partenaire de r\u00e9alisation pour la phase 1 du r\u00e9am\u00e9nagement du chemin Heatherington, faisant progresser les plans pour de nouveaux logements abordables..\u00a0<\/li>\n\n\n\n<li><strong>Quand :\u00a0<\/strong>Le lundi 27 avril 2026<\/li>\n\n\n\n<li><strong>Heure :\u00a0<\/strong>De 14 h 30 \u00e0 15 h 30<\/li>\n\n\n\n<li><strong>Lieu :<\/strong>\u00a0<strong>1770, chemin Heatherington<\/strong>, Ottawa<\/li>\n\n\n\n<li>(\u00c9v\u00e9nement ext\u00e9rieur \u2013 chaussures appropri\u00e9es \u00e0 la m\u00e9t\u00e9o recommand\u00e9es)<\/li>\n<\/ul>\n\n\n\n<h3 class=\"wp-block-heading\">Personnes pr\u00e9sentes<\/h3>\n\n\n\n<ul class=\"wp-block-list\">\n<li>Mark Sutcliffe, maire d\u2019Ottawa<\/li>\n\n\n\n<li>Jessica Bradley, conseill\u00e8re du quartier 10 (Gloucester\u2013Southgate)<\/li>\n\n\n\n<li>St\u00e9phane Gigu\u00e8re, chef de la direction, Soci\u00e9t\u00e9 de logement communautaire d\u2019Ottawa<\/li>\n<\/ul>\n\n\n\n<h3 class=\"wp-block-heading\">Possibilit\u00e9s m\u00e9dias<\/h3>\n\n\n\n<ul class=\"wp-block-list\">\n<li>Disponibilit\u00e9 m\u00e9dia avec le maire Sutcliffe, la conseill\u00e8re Bradley et M. Gigu\u00e8re apr\u00e8s les allocutions<\/li>\n\n\n\n<li>Prises de vue des allocutions sur le site<\/li>\n\n\n\n<li>Images conceptuelles du projet de logements abordables propos\u00e9<\/li>\n<\/ul>\n\n\n\n<h3 class=\"wp-block-heading\">Personne-ressource pour les m\u00e9dias<\/h3>\n\n\n\n<p>Chantal Genova<br>Gestionnaire, Relations avec les m\u00e9dias et information publique<br>Soci\u00e9t\u00e9 de logement communautaire d\u2019Ottawa (LCO)<br>media@och.ca | 343-997-5700<\/p>\n\n\n\n<p><\/p>\n\n\n\n<p><\/p>\n","protected":false},"excerpt":{"rendered":"<p>Pour diffusion imm\u00e9diate\u00a0 Ottawa, ON \u2013 le 27 avril 2026\u00a0\u2014 Les m\u00e9dias sont invit\u00e9s \u00e0 assister \u00e0 une annonce soulignant une \u00e9tape importante de la phase 1 du r\u00e9am\u00e9nagement pr\u00e9vu du chemin Heatherington par la Ville d\u2019Ottawa sur un terrain vacant appartenant \u00e0 la Ville. La Soci\u00e9t\u00e9 de logement communautaire d\u2019Ottawa a \u00e9t\u00e9 confirm\u00e9e comme&#8230;<\/p>\n","protected":false},"author":15,"featured_media":21168,"comment_status":"closed","ping_status":"open","sticky":false,"template":"","format":"standard","meta":{"_acf_changed":false,"footnotes":""},"categories":[938,760,937],"tags":[],"class_list":["post-21169","post","type-post","status-publish","format-standard","has-post-thumbnail","hentry","category-avis-au-medias","category-derniere-nouvelles","category-media-salle-des-nouvelles"],"acf":[],"_links":{"self":[{"href":"https:\/\/www.och-lco.ca\/fr\/wp-json\/wp\/v2\/posts\/21169","targetHints":{"allow":["GET"]}}],"collection":[{"href":"https:\/\/www.och-lco.ca\/fr\/wp-json\/wp\/v2\/posts"}],"about":[{"href":"https:\/\/www.och-lco.ca\/fr\/wp-json\/wp\/v2\/types\/post"}],"author":[{"embeddable":true,"href":"https:\/\/www.och-lco.ca\/fr\/wp-json\/wp\/v2\/users\/15"}],"replies":[{"embeddable":true,"href":"https:\/\/www.och-lco.ca\/fr\/wp-json\/wp\/v2\/comments?post=21169"}],"version-history":[{"count":0,"href":"https:\/\/www.och-lco.ca\/fr\/wp-json\/wp\/v2\/posts\/21169\/revisions"}],"wp:featuredmedia":[{"embeddable":true,"href":"https:\/\/www.och-lco.ca\/fr\/wp-json\/wp\/v2\/media\/21168"}],"wp:attachment":[{"href":"https:\/\/www.och-lco.ca\/fr\/wp-json\/wp\/v2\/media?parent=21169"}],"wp:term":[{"taxonomy":"category","embeddable":true,"href":"https:\/\/www.och-lco.ca\/fr\/wp-json\/wp\/v2\/categories?post=21169"},{"taxonomy":"post_tag","embeddable":true,"href":"https:\/\/www.och-lco.ca\/fr\/wp-json\/wp\/v2\/tags?post=21169"}],"curies":[{"name":"wp","href":"https:\/\/api.w.org\/{rel}","templated":true}]}}