{"id":9908,"date":"2015-09-18T16:18:44","date_gmt":"2015-09-18T20:18:44","guid":{"rendered":"https:\/\/www.och-lco.ca\/logement-communautaire-dottawa-lance-sa-semaine-de-la-prevention-des-incendies\/"},"modified":"2015-09-18T16:20:11","modified_gmt":"2015-09-18T20:20:11","slug":"logement-communautaire-dottawa-lance-sa-semaine-de-la-prevention-des-incendies","status":"publish","type":"post","link":"https:\/\/www.och-lco.ca\/fr\/logement-communautaire-dottawa-lance-sa-semaine-de-la-prevention-des-incendies\/","title":{"rendered":"Logement communautaire d\u2019Ottawa lance sa Semaine de la pr\u00e9vention des incendies"},"content":{"rendered":"<p>OTTAWA, 18 septembre 2015 \u2013 Le lundi 21 septembre 2015, Logement communautaire d\u2019Ottawa (LCO) lancera sa semaine annuelle de pr\u00e9vention des incendies en compagnie de ses locataires et d\u2019invit\u00e9s sp\u00e9ciaux. Il y aura un barbecue et des activit\u00e9s de s\u00e9curit\u00e9 incendie parrain\u00e9es par le Service des incendies d\u2019Ottawa. Le lancement aura lieu \u00e0 la communaut\u00e9 de Strathcona Heights, dans le quartier C\u00f4te-de-Sable. Cette communaut\u00e9 est le lieu de r\u00e9sidence d\u2019environ 1 350 personnes. Chaque ann\u00e9e, avant la Semaine de la pr\u00e9vention des incendies officielle et en partenariat avec le Service des incendies d\u2019Ottawa, LCO lance sa propre campagne de sensibilisation \u00e0 la pr\u00e9vention des incendies. La Semaine de la pr\u00e9vention des incendies de LCO permet de pr\u00e9senter de l\u2019information sur la s\u00e9curit\u00e9 incendie aux locataires qui participeront \u00e0 l\u2019\u00e9v\u00e9nement ainsi qu\u2019une vid\u00e9o pr\u00e9sent\u00e9e dans tous les bureaux LCO. Les m\u00e9dias sont invit\u00e9s au lancement. LCO en bref La Soci\u00e9t\u00e9 de logement communautaire d\u2019Ottawa est le plus important fournisseur de logements sociaux \u00e0 Ottawa, le deuxi\u00e8me en Ontario. Elle fournit pr\u00e8s de 15 000 logements \u00e0 plus de 32 000 personnes \u00e2g\u00e9es, parents, enfants, c\u00e9libataires et personnes ayant des besoins sp\u00e9ciaux dans des collectivit\u00e9s dans l\u2019ensemble de la ville.<\/p>\n<p>Pour information :<br \/>\nMelany Chretien Gestionnaire, Communications int\u00e9gr\u00e9es<br \/>\nT\u00e9l\u00e9phone : 613-731-7223, poste 2243 Cellulaire : 613-296-2651<br \/>\nmedia@och.ca<br \/>\nwww.och-lco.ca<br \/>\n@OCH_LCO<\/p>\n","protected":false},"excerpt":{"rendered":"<p>OTTAWA, 18 septembre 2015 \u2013 Le lundi 21 septembre 2015, Logement communautaire d\u2019Ottawa (LCO) lancera sa semaine annuelle de pr\u00e9vention des incendies en compagnie de ses locataires et d\u2019invit\u00e9s sp\u00e9ciaux. Il y aura un barbecue et des activit\u00e9s de s\u00e9curit\u00e9 incendie parrain\u00e9es par le Service des incendies d\u2019Ottawa. Le lancement aura lieu \u00e0 la communaut\u00e9&#8230;<\/p>\n","protected":false},"author":2,"featured_media":0,"comment_status":"closed","ping_status":"closed","sticky":false,"template":"","format":"standard","meta":{"_acf_changed":false,"footnotes":""},"categories":[709],"tags":[],"class_list":["post-9908","post","type-post","status-publish","format-standard","hentry","category-uncategorized"],"acf":[],"_links":{"self":[{"href":"https:\/\/www.och-lco.ca\/fr\/wp-json\/wp\/v2\/posts\/9908","targetHints":{"allow":["GET"]}}],"collection":[{"href":"https:\/\/www.och-lco.ca\/fr\/wp-json\/wp\/v2\/posts"}],"about":[{"href":"https:\/\/www.och-lco.ca\/fr\/wp-json\/wp\/v2\/types\/post"}],"author":[{"embeddable":true,"href":"https:\/\/www.och-lco.ca\/fr\/wp-json\/wp\/v2\/users\/2"}],"replies":[{"embeddable":true,"href":"https:\/\/www.och-lco.ca\/fr\/wp-json\/wp\/v2\/comments?post=9908"}],"version-history":[{"count":0,"href":"https:\/\/www.och-lco.ca\/fr\/wp-json\/wp\/v2\/posts\/9908\/revisions"}],"wp:attachment":[{"href":"https:\/\/www.och-lco.ca\/fr\/wp-json\/wp\/v2\/media?parent=9908"}],"wp:term":[{"taxonomy":"category","embeddable":true,"href":"https:\/\/www.och-lco.ca\/fr\/wp-json\/wp\/v2\/categories?post=9908"},{"taxonomy":"post_tag","embeddable":true,"href":"https:\/\/www.och-lco.ca\/fr\/wp-json\/wp\/v2\/tags?post=9908"}],"curies":[{"name":"wp","href":"https:\/\/api.w.org\/{rel}","templated":true}]}}